{"id":1185,"date":"2020-11-26T19:50:35","date_gmt":"2020-11-26T19:50:35","guid":{"rendered":"https:\/\/www.carloschuez.com\/home\/?p=1185"},"modified":"2020-12-07T18:48:48","modified_gmt":"2020-12-07T18:48:48","slug":"marxismo-y-neoliberalismo","status":"publish","type":"post","link":"https:\/\/www.carloschuez.com\/home\/marxismo-y-neoliberalismo\/","title":{"rendered":"Marxismo y Neoliberalismo"},"content":{"rendered":"<p><div class=\"fusion-fullwidth fullwidth-box fusion-builder-row-1 fusion-flex-container nonhundred-percent-fullwidth non-hundred-percent-height-scrolling\" style=\"background-color: #ffffff;background-position: center center;background-repeat: no-repeat;border-width: 0px 0px 0px 0px;border-color:rgba(255,255,255,0);border-style:solid;\" ><div class=\"fusion-builder-row fusion-row fusion-flex-align-items-flex-start\" style=\"max-width:1216.8px;margin-left: calc(-4% \/ 2 );margin-right: calc(-4% \/ 2 );\"><div class=\"fusion-layout-column fusion_builder_column fusion-builder-column-0 fusion_builder_column_3_4 3_4 fusion-flex-column\"><div class=\"fusion-column-wrapper fusion-flex-justify-content-flex-start fusion-content-layout-column\" style=\"background-position:left top;background-repeat:no-repeat;-webkit-background-size:cover;-moz-background-size:cover;-o-background-size:cover;background-size:cover;padding: 0px 0px 0px 0px;\"><style type=\"text\/css\">@media only screen and (max-width:800px) {.fusion-title.fusion-title-1{margin-top:0px!important; margin-right:0px!important;margin-bottom:30px!important;margin-left:0px!important;}}@media only screen and (max-width:640px) {.fusion-title.fusion-title-1{margin-top:0px!important; margin-right:0px!important;margin-bottom:20px!important; margin-left:0px!important;}}<\/style><div class=\"fusion-title title fusion-title-1 fusion-title-text fusion-title-size-two\" style=\"font-size:28px;margin-top:0px;margin-right:0px;margin-bottom:30px;margin-left:0px;\"><div class=\"title-sep-container title-sep-container-left fusion-no-large-visibility fusion-no-medium-visibility fusion-no-small-visibility\"><div class=\"title-sep sep-\" style=\"border-color:#2a2e38;\"><\/div><\/div><h2 class=\"title-heading-left fusion-responsive-typography-calculated\" style=\"font-family:&quot;Montserrat&quot;;font-weight:400;margin:0;font-size:1em;color:#000000;--fontSize:28;line-height:1.2;\">Marxismo y Neoliberalismo<\/h2><div class=\"title-sep-container title-sep-container-right\"><div class=\"title-sep sep-\" style=\"border-color:#2a2e38;\"><\/div><\/div><\/div><div class=\"fusion-text fusion-text-1\"><p style=\"text-align: justify;\"><span style=\"color: var(--body_typography-color); font-family: var(--body_typography-font-family); font-size: var(--body_typography-font-size); font-style: var(--body_typography-font-style,normal); font-weight: var(--body_typography-font-weight); letter-spacing: var(--body_typography-letter-spacing);\">Como consecuencia del colapso del socialismo sovi\u00e9tico, el capitalismo globalista con su doctrina <\/span><span style=\"color: var(--body_typography-color); font-family: var(--body_typography-font-family); font-size: var(--body_typography-font-size); font-style: var(--body_typography-font-style,normal); font-weight: var(--body_typography-font-weight); letter-spacing: var(--body_typography-letter-spacing);\">social-neoliberalista casi ha logrado una posici\u00f3n hegem\u00f3nica filos\u00f3fica e ideol\u00f3gica en la lucha de <\/span><span style=\"color: var(--body_typography-color); font-family: var(--body_typography-font-family); font-size: var(--body_typography-font-size); font-style: var(--body_typography-font-style,normal); font-weight: var(--body_typography-font-weight); letter-spacing: var(--body_typography-letter-spacing);\">clase social contra el proletariado mundial. Los fil\u00f3sofos y cient\u00edficos sociales que se ubican en la <\/span><span style=\"color: var(--body_typography-color); font-family: var(--body_typography-font-family); font-size: var(--body_typography-font-size); font-style: var(--body_typography-font-style,normal); font-weight: var(--body_typography-font-weight); letter-spacing: var(--body_typography-letter-spacing);\">posici\u00f3n de la clase obrera, para enfrentar esta amenaza y peligro ideol\u00f3gico a nivel planetario, deben <\/span><span style=\"color: var(--body_typography-color); font-family: var(--body_typography-font-family); font-size: var(--body_typography-font-size); font-style: var(--body_typography-font-style,normal); font-weight: var(--body_typography-font-weight); letter-spacing: var(--body_typography-letter-spacing);\">analizar e interpretar de modo acertado las nuevas posiciones y frente te\u00f3ricos que la burgues\u00eda ha <\/span><span style=\"color: var(--body_typography-color); font-family: var(--body_typography-font-family); font-size: var(--body_typography-font-size); font-style: var(--body_typography-font-style,normal); font-weight: var(--body_typography-font-weight); letter-spacing: var(--body_typography-letter-spacing);\">creado, cuyo fin y objetivo se dirige hacia la destrucci\u00f3n del marxismo o cualesquiera variaciones de esta teor\u00eda revolucionaria de los trabajadores.<\/span><br \/><span style=\"color: var(--body_typography-color); font-family: var(--body_typography-font-family); font-size: var(--body_typography-font-size); font-style: var(--body_typography-font-style,normal); font-weight: var(--body_typography-font-weight); letter-spacing: var(--body_typography-letter-spacing);\">Seg\u00fan Lenin, el marxismo tiene tres componentes esenciales, el Materialismo Dial\u00e9ctico e <\/span><span style=\"color: var(--body_typography-color); font-family: var(--body_typography-font-family); font-size: var(--body_typography-font-size); font-style: var(--body_typography-font-style,normal); font-weight: var(--body_typography-font-weight); letter-spacing: var(--body_typography-letter-spacing);\">Hist\u00f3rico, el Socialismo y la Econom\u00eda Pol\u00edtica cient\u00edficas. La integraci\u00f3n de los principios y tesis <\/span><span style=\"color: var(--body_typography-color); font-family: var(--body_typography-font-family); font-size: var(--body_typography-font-size); font-style: var(--body_typography-font-style,normal); font-weight: var(--body_typography-font-weight); letter-spacing: var(--body_typography-letter-spacing);\">fundamentales de estas tres teor\u00eda constituye la ideolog\u00eda del proletariado que es el instrumento <\/span><span style=\"color: var(--body_typography-color); font-family: var(--body_typography-font-family); font-size: var(--body_typography-font-size); font-style: var(--body_typography-font-style,normal); font-weight: var(--body_typography-font-weight); letter-spacing: var(--body_typography-letter-spacing);\">te\u00f3rico que los obreros implementan de modo directo y pr\u00e1ctico en la lucha de clase social contra la <\/span><span style=\"color: var(--body_typography-color); font-family: var(--body_typography-font-family); font-size: var(--body_typography-font-size); font-style: var(--body_typography-font-style,normal); font-weight: var(--body_typography-font-weight); letter-spacing: var(--body_typography-letter-spacing);\">burgues\u00eda. El marxismo, por su car\u00e1cter cient\u00edfico, progresista y revolucionario, debe guiar los <\/span><span style=\"color: var(--body_typography-color); font-family: var(--body_typography-font-family); font-size: var(--body_typography-font-size); font-style: var(--body_typography-font-style,normal); font-weight: var(--body_typography-font-weight); letter-spacing: var(--body_typography-letter-spacing);\">movimientos y organizaciones de los trabajadores hacia el triunfo de la revoluci\u00f3n y construcci\u00f3n del <\/span><span style=\"color: var(--body_typography-color); font-family: var(--body_typography-font-family); font-size: var(--body_typography-font-size); font-style: var(--body_typography-font-style,normal); font-weight: var(--body_typography-font-weight); letter-spacing: var(--body_typography-letter-spacing);\">modo social de producci\u00f3n econ\u00f3mica del socialismo. Por lo que es imperativo que en nuestro <\/span><span style=\"color: var(--body_typography-color); font-family: var(--body_typography-font-family); font-size: var(--body_typography-font-size); font-style: var(--body_typography-font-style,normal); font-weight: var(--body_typography-font-weight); letter-spacing: var(--body_typography-letter-spacing);\">tiempo, los planes, proyectos, programas, objetivos y fines de las directrices sociopol\u00edticas de los <\/span><span style=\"color: var(--body_typography-color); font-family: var(--body_typography-font-family); font-size: var(--body_typography-font-size); font-style: var(--body_typography-font-style,normal); font-weight: var(--body_typography-font-weight); letter-spacing: var(--body_typography-letter-spacing);\">movimientos democr\u00e1ticos y socialistas se sustenten y prueben en la actividad pr\u00e1ctica revolucionaria <\/span><span style=\"color: var(--body_typography-color); font-family: var(--body_typography-font-family); font-size: var(--body_typography-font-size); font-style: var(--body_typography-font-style,normal); font-weight: var(--body_typography-font-weight); letter-spacing: var(--body_typography-letter-spacing);\">de los trabajadores.<\/span><br \/><span style=\"color: var(--body_typography-color); font-family: var(--body_typography-font-family); font-size: var(--body_typography-font-size); font-style: var(--body_typography-font-style,normal); font-weight: var(--body_typography-font-weight); letter-spacing: var(--body_typography-letter-spacing);\">La filosof\u00eda es la concepci\u00f3n racional sociopol\u00edtica de la ideolog\u00eda. Como esa disciplina del <\/span><span style=\"color: var(--body_typography-color); font-family: var(--body_typography-font-family); font-size: var(--body_typography-font-size); font-style: var(--body_typography-font-style,normal); font-weight: var(--body_typography-font-weight); letter-spacing: var(--body_typography-letter-spacing);\">conocimiento tiene dos posturas fundamentales (Materialismo e Idealismo), dos m\u00e9todos b\u00e1sicos <\/span><span style=\"color: var(--body_typography-color); font-family: var(--body_typography-font-family); font-size: var(--body_typography-font-size); font-style: var(--body_typography-font-style,normal); font-weight: var(--body_typography-font-weight); letter-spacing: var(--body_typography-letter-spacing);\">(Dial\u00e9ctica y Metaf\u00edsica) y un car\u00e1cter y direcci\u00f3n pol\u00edticas; la ideolog\u00eda refleja los intereses, <\/span><span style=\"color: var(--body_typography-color); font-family: var(--body_typography-font-family); font-size: var(--body_typography-font-size); font-style: var(--body_typography-font-style,normal); font-weight: var(--body_typography-font-weight); letter-spacing: var(--body_typography-letter-spacing);\">necesidades y fines de las clases sociales que representa. Y dado que la filosof\u00eda, en la implicaci\u00f3n<\/span><br \/><span style=\"color: var(--body_typography-color); font-family: var(--body_typography-font-family); font-size: var(--body_typography-font-size); font-style: var(--body_typography-font-style,normal); font-weight: var(--body_typography-font-weight); letter-spacing: var(--body_typography-letter-spacing);\">final de sus principios, es la justificaci\u00f3n racional del dominio y control que una clase social dominante <\/span><span style=\"color: var(--body_typography-color); font-family: var(--body_typography-font-family); font-size: var(--body_typography-font-size); font-style: var(--body_typography-font-style,normal); font-weight: var(--body_typography-font-weight); letter-spacing: var(--body_typography-letter-spacing);\">ejerce sobre la sociedad civil y el Estado; entonces la ideolog\u00eda expresa la concreci\u00f3n de esa <\/span><span style=\"color: var(--body_typography-color); font-family: var(--body_typography-font-family); font-size: var(--body_typography-font-size); font-style: var(--body_typography-font-style,normal); font-weight: var(--body_typography-font-weight); letter-spacing: var(--body_typography-letter-spacing);\">justificaci\u00f3n te\u00f3rica.<\/span><br \/><span style=\"color: var(--body_typography-color); font-family: var(--body_typography-font-family); font-size: var(--body_typography-font-size); font-style: var(--body_typography-font-style,normal); font-weight: var(--body_typography-font-weight); letter-spacing: var(--body_typography-letter-spacing);\">Uno de los errores que pregonan las filosof\u00edas del neoliberalismo considera que el Materialismo<\/span><br \/><span style=\"color: var(--body_typography-color); font-family: var(--body_typography-font-family); font-size: var(--body_typography-font-size); font-style: var(--body_typography-font-style,normal); font-weight: var(--body_typography-font-weight); letter-spacing: var(--body_typography-letter-spacing);\">Cient\u00edfico no constituye una posici\u00f3n ni metodolog\u00eda filos\u00f3ficas, sino que es una concepci\u00f3n<\/span><br \/><span style=\"color: var(--body_typography-color); font-family: var(--body_typography-font-family); font-size: var(--body_typography-font-size); font-style: var(--body_typography-font-style,normal); font-weight: var(--body_typography-font-weight); letter-spacing: var(--body_typography-letter-spacing);\">economista y ut\u00f3pica. Este punto de vista es una falsedad. Lo cierto es que cuando Marx y Engels<\/span><br \/><span style=\"color: var(--body_typography-color); font-family: var(--body_typography-font-family); font-size: var(--body_typography-font-size); font-style: var(--body_typography-font-style,normal); font-weight: var(--body_typography-font-weight); letter-spacing: var(--body_typography-letter-spacing);\">concibieron y formularon las premisas fundamentales del Materialismo Hist\u00f3rico, \u00e9ste se constituy\u00f3 en<\/span><br \/><span style=\"color: var(--body_typography-color); font-family: var(--body_typography-font-family); font-size: var(--body_typography-font-size); font-style: var(--body_typography-font-style,normal); font-weight: var(--body_typography-font-weight); letter-spacing: var(--body_typography-letter-spacing);\">una poderosa herramienta te\u00f3rica de explicaci\u00f3n e interpretaci\u00f3n de los problemas filos\u00f3ficos y de la<\/span><br \/><span style=\"color: var(--body_typography-color); font-family: var(--body_typography-font-family); font-size: var(--body_typography-font-size); font-style: var(--body_typography-font-style,normal); font-weight: var(--body_typography-font-weight); letter-spacing: var(--body_typography-letter-spacing);\">epistemolog\u00eda cient\u00edfica de las ciencias sociales, e incluso de las naturales. Sin embargo, en<\/span><br \/><span style=\"color: var(--body_typography-color); font-family: var(--body_typography-font-family); font-size: var(--body_typography-font-size); font-style: var(--body_typography-font-style,normal); font-weight: var(--body_typography-font-weight); letter-spacing: var(--body_typography-letter-spacing);\">nuestro tiempo, el idealismo y la metaf\u00edsica afirman que la filosof\u00eda y la l\u00f3gica, incluso los principios de<\/span><br \/><span style=\"color: var(--body_typography-color); font-family: var(--body_typography-font-family); font-size: var(--body_typography-font-size); font-style: var(--body_typography-font-style,normal); font-weight: var(--body_typography-font-weight); letter-spacing: var(--body_typography-letter-spacing);\">las ciencias, se generan independientemente de la vida pr\u00e1ctica y realidades objetivas y concretas de la sociedad, de la historia y del mundo material. Adem\u00e1s, sostienen que las manifestaciones esenciales de la conciencia y voluntad humanas se expresan al margen de la materialidad y realidad de los intereses y necesidades sociales. Lo que induce a que sus planteamientos y enfoques de los problemas<\/span><br \/><span style=\"color: var(--body_typography-color); font-family: var(--body_typography-font-family); font-size: var(--body_typography-font-size); font-style: var(--body_typography-font-style,normal); font-weight: var(--body_typography-font-weight); letter-spacing: var(--body_typography-letter-spacing);\">epistemol\u00f3gicos y ontol\u00f3gicos sobre el conocimiento de los objetos del mundo real, devengan en<\/span><br \/><span style=\"color: var(--body_typography-color); font-family: var(--body_typography-font-family); font-size: var(--body_typography-font-size); font-style: var(--body_typography-font-style,normal); font-weight: var(--body_typography-font-weight); letter-spacing: var(--body_typography-letter-spacing);\">soluciones subjetivistas o agn\u00f3sticas.<\/span><br \/><span style=\"color: var(--body_typography-color); font-family: var(--body_typography-font-family); font-size: var(--body_typography-font-size); font-style: var(--body_typography-font-style,normal); font-weight: var(--body_typography-font-weight); letter-spacing: var(--body_typography-letter-spacing);\">Con una postura diferente, opuesta y cr\u00edtica, el Materialismo Hist\u00f3rico expone y sustenta que las<\/span><br \/><span style=\"color: var(--body_typography-color); font-family: var(--body_typography-font-family); font-size: var(--body_typography-font-size); font-style: var(--body_typography-font-style,normal); font-weight: var(--body_typography-font-weight); letter-spacing: var(--body_typography-letter-spacing);\">ideas filos\u00f3ficas y las concepciones ideol\u00f3gicas surgen de la conciencia social de los pueblos y<\/span><br \/><span style=\"color: var(--body_typography-color); font-family: var(--body_typography-font-family); font-size: var(--body_typography-font-size); font-style: var(--body_typography-font-style,normal); font-weight: var(--body_typography-font-weight); letter-spacing: var(--body_typography-letter-spacing);\">de la humanidad. Que los contenidos esenciales de \u00e9sta reflejan las realidades objetivas de las<\/span><br \/><span style=\"color: var(--body_typography-color); font-family: var(--body_typography-font-family); font-size: var(--body_typography-font-size); font-style: var(--body_typography-font-style,normal); font-weight: var(--body_typography-font-weight); letter-spacing: var(--body_typography-letter-spacing);\">condiciones materiales de los modos sociales de producci\u00f3n econ\u00f3mica y de la sociedad. Y que<\/span><br \/><span style=\"color: var(--body_typography-color); font-family: var(--body_typography-font-family); font-size: var(--body_typography-font-size); font-style: var(--body_typography-font-style,normal); font-weight: var(--body_typography-font-weight); letter-spacing: var(--body_typography-letter-spacing);\">las percepciones, vivencias e ideas sociales y pol\u00edticas de los hombres reflejan, en un sentido u<\/span><br \/><span style=\"color: var(--body_typography-color); font-family: var(--body_typography-font-family); font-size: var(--body_typography-font-size); font-style: var(--body_typography-font-style,normal); font-weight: var(--body_typography-font-weight); letter-spacing: var(--body_typography-letter-spacing);\">otro, los intereses y necesidades materiales y espirituales de la correspondiente clase social<\/span><br \/><span style=\"color: var(--body_typography-color); font-family: var(--body_typography-font-family); font-size: var(--body_typography-font-size); font-style: var(--body_typography-font-style,normal); font-weight: var(--body_typography-font-weight); letter-spacing: var(--body_typography-letter-spacing);\">dominante o subyugada.<\/span><br \/><span style=\"color: var(--body_typography-color); font-family: var(--body_typography-font-family); font-size: var(--body_typography-font-size); font-style: var(--body_typography-font-style,normal); font-weight: var(--body_typography-font-weight); letter-spacing: var(--body_typography-letter-spacing);\">Ahora bien, el Materialismo Dial\u00e9ctico es la teor\u00eda filos\u00f3fica que interpreta las contradicciones<\/span><br \/><span style=\"color: var(--body_typography-color); font-family: var(--body_typography-font-family); font-size: var(--body_typography-font-size); font-style: var(--body_typography-font-style,normal); font-weight: var(--body_typography-font-weight); letter-spacing: var(--body_typography-letter-spacing);\">objetivas del mundo material y las contradicciones subjetivas de la mente y del pensamiento<\/span><br \/><span style=\"color: var(--body_typography-color); font-family: var(--body_typography-font-family); font-size: var(--body_typography-font-size); font-style: var(--body_typography-font-style,normal); font-weight: var(--body_typography-font-weight); letter-spacing: var(--body_typography-letter-spacing);\">seg\u00fan el m\u00e9todo dial\u00e9ctico. Por lo que la interpretaci\u00f3n espec\u00edfica de las filosof\u00edas de cada \u00e9poca debe<\/span><br \/><span style=\"color: var(--body_typography-color); font-family: var(--body_typography-font-family); font-size: var(--body_typography-font-size); font-style: var(--body_typography-font-style,normal); font-weight: var(--body_typography-font-weight); letter-spacing: var(--body_typography-letter-spacing);\">hacerse seg\u00fan la dial\u00e9ctica materialista.<\/span><br \/><span style=\"color: var(--body_typography-color); font-family: var(--body_typography-font-family); font-size: var(--body_typography-font-size); font-style: var(--body_typography-font-style,normal); font-weight: var(--body_typography-font-weight); letter-spacing: var(--body_typography-letter-spacing);\">Sin embargo, corresponde al Materialismo Hist\u00f3rico descubrir y explicar el condicionamiento social<\/span><br \/><span style=\"color: var(--body_typography-color); font-family: var(--body_typography-font-family); font-size: var(--body_typography-font-size); font-style: var(--body_typography-font-style,normal); font-weight: var(--body_typography-font-weight); letter-spacing: var(--body_typography-letter-spacing);\">de las ideas de las clases sociales fundamentales de una \u00e9poca hist\u00f3rica; y a la dial\u00e9ctica<\/span><br \/><span style=\"color: var(--body_typography-color); font-family: var(--body_typography-font-family); font-size: var(--body_typography-font-size); font-style: var(--body_typography-font-style,normal); font-weight: var(--body_typography-font-weight); letter-spacing: var(--body_typography-letter-spacing);\">materialista, descubrir las contradicciones, desarrollos y evoluciones conceptuales de las direcciones<\/span><br \/><span style=\"color: var(--body_typography-color); font-family: var(--body_typography-font-family); font-size: var(--body_typography-font-size); font-style: var(--body_typography-font-style,normal); font-weight: var(--body_typography-font-weight); letter-spacing: var(--body_typography-letter-spacing);\">filos\u00f3ficas determinantes de esa etapa hist\u00f3rica del pensamiento.<\/span><br \/><span style=\"color: var(--body_typography-color); font-family: var(--body_typography-font-family); font-size: var(--body_typography-font-size); font-style: var(--body_typography-font-style,normal); font-weight: var(--body_typography-font-weight); letter-spacing: var(--body_typography-letter-spacing);\">Hist\u00f3ricamente la metaf\u00edsica domin\u00f3 tanto en el idealismo como en el materialismo desde<\/span><br \/><span style=\"color: var(--body_typography-color); font-family: var(--body_typography-font-family); font-size: var(--body_typography-font-size); font-style: var(--body_typography-font-style,normal); font-weight: var(--body_typography-font-weight); letter-spacing: var(--body_typography-letter-spacing);\">Parm\u00e9nides y Pit\u00e1goras hasta Kant, Fichte y Schelling. Sin embargo, Hegel destron\u00f3 la metaf\u00edsica<\/span><br \/><span style=\"color: var(--body_typography-color); font-family: var(--body_typography-font-family); font-size: var(--body_typography-font-size); font-style: var(--body_typography-font-style,normal); font-weight: var(--body_typography-font-weight); letter-spacing: var(--body_typography-letter-spacing);\">del idealismo e instaur\u00f3 la dial\u00e9ctica en esa posici\u00f3n filos\u00f3fica fundamental. Pero Marx y Engels<\/span><br \/><span style=\"color: var(--body_typography-color); font-family: var(--body_typography-font-family); font-size: var(--body_typography-font-size); font-style: var(--body_typography-font-style,normal); font-weight: var(--body_typography-font-weight); letter-spacing: var(--body_typography-letter-spacing);\">unieron conceptualmente el materialismo con la dial\u00e9ctica, creando el materialismo cient\u00edfico. Y<\/span><br \/><span style=\"color: var(--body_typography-color); font-family: var(--body_typography-font-family); font-size: var(--body_typography-font-size); font-style: var(--body_typography-font-style,normal); font-weight: var(--body_typography-font-weight); letter-spacing: var(--body_typography-letter-spacing);\">como en Hegel la raz\u00f3n casi complet\u00f3 su desarrollo conceptual en la dial\u00e9ctica y \u00e9sta consolid\u00f3<\/span><br \/><span style=\"color: var(--body_typography-color); font-family: var(--body_typography-font-family); font-size: var(--body_typography-font-size); font-style: var(--body_typography-font-style,normal); font-weight: var(--body_typography-font-weight); letter-spacing: var(--body_typography-letter-spacing);\">esa conversi\u00f3n racional en los neohegelianos de izquierda, entonces los idealistas,<\/span><br \/><span style=\"color: var(--body_typography-color); font-family: var(--body_typography-font-family); font-size: var(--body_typography-font-size); font-style: var(--body_typography-font-style,normal); font-weight: var(--body_typography-font-weight); letter-spacing: var(--body_typography-letter-spacing);\">posteriormente, tuvieron que investigar la posibilidad de encontrar nuevas directrices en sus<\/span><br \/><span style=\"color: var(--body_typography-color); font-family: var(--body_typography-font-family); font-size: var(--body_typography-font-size); font-style: var(--body_typography-font-style,normal); font-weight: var(--body_typography-font-weight); letter-spacing: var(--body_typography-letter-spacing);\">enfoques filos\u00f3ficos, deviniendo nuevamente en metodolog\u00edas metaf\u00edsicas; incluso, los<\/span><br \/><span style=\"color: var(--body_typography-color); font-family: var(--body_typography-font-family); font-size: var(--body_typography-font-size); font-style: var(--body_typography-font-style,normal); font-weight: var(--body_typography-font-weight); letter-spacing: var(--body_typography-letter-spacing);\">pragmatistas y neopositivistas que se consideran contrarios al idealismo y se autodenominan<\/span><br \/><span style=\"color: var(--body_typography-color); font-family: var(--body_typography-font-family); font-size: var(--body_typography-font-size); font-style: var(--body_typography-font-style,normal); font-weight: var(--body_typography-font-weight); letter-spacing: var(--body_typography-letter-spacing);\">anti-metaf\u00edsicos no logran superar ni eludir esas metodolog\u00edas.<\/span><br \/><span style=\"color: var(--body_typography-color); font-family: var(--body_typography-font-family); font-size: var(--body_typography-font-size); font-style: var(--body_typography-font-style,normal); font-weight: var(--body_typography-font-weight); letter-spacing: var(--body_typography-letter-spacing);\">Una de las grandes revoluciones y tareas te\u00f3ricas, imprescindibles y trascendentales, del<\/span><br \/><span style=\"color: var(--body_typography-color); font-family: var(--body_typography-font-family); font-size: var(--body_typography-font-size); font-style: var(--body_typography-font-style,normal); font-weight: var(--body_typography-font-weight); letter-spacing: var(--body_typography-letter-spacing);\">Materialismo Cient\u00edfico fue que sirvi\u00f3 (y en nuestro tiempo su orientaci\u00f3n y conducci\u00f3n te\u00f3rica sigue<\/span><br \/><span style=\"color: var(--body_typography-color); font-family: var(--body_typography-font-family); font-size: var(--body_typography-font-size); font-style: var(--body_typography-font-style,normal); font-weight: var(--body_typography-font-weight); letter-spacing: var(--body_typography-letter-spacing);\">vigente) de gu\u00eda conceptual para la elaboraci\u00f3n del Socialismo Cient\u00edfico y de la Econom\u00eda Pol\u00edtica<\/span><br \/><span style=\"color: var(--body_typography-color); font-family: var(--body_typography-font-family); font-size: var(--body_typography-font-size); font-style: var(--body_typography-font-style,normal); font-weight: var(--body_typography-font-weight); letter-spacing: var(--body_typography-letter-spacing);\">del proletariado en la segunda mitad del siglo XIX y en siglo XX. Y es que no exist\u00eda (ni existe<\/span><br \/><span style=\"color: var(--body_typography-color); font-family: var(--body_typography-font-family); font-size: var(--body_typography-font-size); font-style: var(--body_typography-font-style,normal); font-weight: var(--body_typography-font-weight); letter-spacing: var(--body_typography-letter-spacing);\">actualmente) otra filosof\u00eda acertada y consecuente, en aquellos momentos hist\u00f3ricos, para lograr esos<\/span><br \/><span style=\"color: var(--body_typography-color); font-family: var(--body_typography-font-family); font-size: var(--body_typography-font-size); font-style: var(--body_typography-font-style,normal); font-weight: var(--body_typography-font-weight); letter-spacing: var(--body_typography-letter-spacing);\">gigantescos avances y triunfos del pensamiento cient\u00edfico y social en el estudio de los fen\u00f3menos y<\/span><br \/><span style=\"color: var(--body_typography-color); font-family: var(--body_typography-font-family); font-size: var(--body_typography-font-size); font-style: var(--body_typography-font-style,normal); font-weight: var(--body_typography-font-weight); letter-spacing: var(--body_typography-letter-spacing);\">procesos econ\u00f3micos, sociales y pol\u00edticos de la sociedad y de la historia. Incluso, en nuestra \u00e9poca, el<\/span><br \/><span style=\"color: var(--body_typography-color); font-family: var(--body_typography-font-family); font-size: var(--body_typography-font-size); font-style: var(--body_typography-font-style,normal); font-weight: var(--body_typography-font-weight); letter-spacing: var(--body_typography-letter-spacing);\">derrumbamiento de la URSS y de su variante burocr\u00e1tica del comunismo no pueden explicarse e<\/span><br \/><span style=\"color: var(--body_typography-color); font-family: var(--body_typography-font-family); font-size: var(--body_typography-font-size); font-style: var(--body_typography-font-style,normal); font-weight: var(--body_typography-font-weight); letter-spacing: var(--body_typography-letter-spacing);\">interpretarse por el sistema cerrado de las ideolog\u00edas (en especial las del neoglobalismo), sino<\/span><br \/><span style=\"color: var(--body_typography-color); font-family: var(--body_typography-font-family); font-size: var(--body_typography-font-size); font-style: var(--body_typography-font-style,normal); font-weight: var(--body_typography-font-weight); letter-spacing: var(--body_typography-letter-spacing);\">mediante las teor\u00eda del Materialismo Dial\u00e9ctico e Hist\u00f3rico, del Socialismo Cient\u00edfico y de la<\/span><br \/><span style=\"color: var(--body_typography-color); font-family: var(--body_typography-font-family); font-size: var(--body_typography-font-size); font-style: var(--body_typography-font-style,normal); font-weight: var(--body_typography-font-weight); letter-spacing: var(--body_typography-letter-spacing);\">Econom\u00eda Pol\u00edtica del proletariado, unidas a las Ciencias.<\/span><br \/><span style=\"color: var(--body_typography-color); font-family: var(--body_typography-font-family); font-size: var(--body_typography-font-size); font-style: var(--body_typography-font-style,normal); font-weight: var(--body_typography-font-weight); letter-spacing: var(--body_typography-letter-spacing);\">Es indudable que el crecimiento y desarrollo revolucionario actual de las Ciencias Naturales,<\/span><br \/><span style=\"color: var(--body_typography-color); font-family: var(--body_typography-font-family); font-size: var(--body_typography-font-size); font-style: var(--body_typography-font-style,normal); font-weight: var(--body_typography-font-weight); letter-spacing: var(--body_typography-letter-spacing);\">que comenz\u00f3 desde el inicio del siglo pasado y se prolonga en el XXI, sea uno de los eslabones<\/span><br \/><span style=\"color: var(--body_typography-color); font-family: var(--body_typography-font-family); font-size: var(--body_typography-font-size); font-style: var(--body_typography-font-style,normal); font-weight: var(--body_typography-font-weight); letter-spacing: var(--body_typography-letter-spacing);\">que impele que el materialismo cient\u00edfico y la dial\u00e9ctica armonicen adecuadamente con los<\/span><br \/><span style=\"color: var(--body_typography-color); font-family: var(--body_typography-font-family); font-size: var(--body_typography-font-size); font-style: var(--body_typography-font-style,normal); font-weight: var(--body_typography-font-weight); letter-spacing: var(--body_typography-letter-spacing);\">grandes descubrimientos de la f\u00edsica cu\u00e1ntica-relativista y de la cosmolog\u00eda cient\u00edfica.<\/span><br \/><span style=\"color: var(--body_typography-color); font-family: var(--body_typography-font-family); font-size: var(--body_typography-font-size); font-style: var(--body_typography-font-style,normal); font-weight: var(--body_typography-font-weight); letter-spacing: var(--body_typography-letter-spacing);\">En esta obra filos\u00f3fica que presentamos a todo lector y, en especial, a los trabajadores, el valor y<\/span><br \/><span style=\"color: var(--body_typography-color); font-family: var(--body_typography-font-family); font-size: var(--body_typography-font-size); font-style: var(--body_typography-font-style,normal); font-weight: var(--body_typography-font-weight); letter-spacing: var(--body_typography-letter-spacing);\">significaci\u00f3n que para la conciencia personal y social de los hombres y pueblos tienen las sabias<\/span><br \/><span style=\"color: var(--body_typography-color); font-family: var(--body_typography-font-family); font-size: var(--body_typography-font-size); font-style: var(--body_typography-font-style,normal); font-weight: var(--body_typography-font-weight); letter-spacing: var(--body_typography-letter-spacing);\">ense\u00f1anzas y verdades filos\u00f3ficas del Materialismo Dial\u00e9ctico e Hist\u00f3rico. Y advertimos que cuando<\/span><br \/><span style=\"color: var(--body_typography-color); font-family: var(--body_typography-font-family); font-size: var(--body_typography-font-size); font-style: var(--body_typography-font-style,normal); font-weight: var(--body_typography-font-weight); letter-spacing: var(--body_typography-letter-spacing);\">carecemos de los altos valores morales, \u00e9ticos y antropol\u00f3gicos estamos propensos a hundirnos en la<\/span><br \/><span style=\"color: var(--body_typography-color); font-family: var(--body_typography-font-family); font-size: var(--body_typography-font-size); font-style: var(--body_typography-font-style,normal); font-weight: var(--body_typography-font-weight); letter-spacing: var(--body_typography-letter-spacing);\">miseria espiritual y convertirnos en esclavos de los vicios, alienaciones y manipulaciones de las<\/span><br \/><span style=\"color: var(--body_typography-color); font-family: var(--body_typography-font-family); font-size: var(--body_typography-font-size); font-style: var(--body_typography-font-style,normal); font-weight: var(--body_typography-font-weight); letter-spacing: var(--body_typography-letter-spacing);\">intenciones perversas de aquellos que proceden y act\u00faan guiados por el odio y la maldad hacia el<\/span><br \/><span style=\"color: var(--body_typography-color); font-family: var(--body_typography-font-family); font-size: var(--body_typography-font-size); font-style: var(--body_typography-font-style,normal); font-weight: var(--body_typography-font-weight); letter-spacing: var(--body_typography-letter-spacing);\">pr\u00f3jimo (la miserable explotaci\u00f3n econ\u00f3mica, social y pol\u00edtica del hombre por el hombre).<\/span><br \/><span style=\"color: var(--body_typography-color); font-family: var(--body_typography-font-family); font-size: var(--body_typography-font-size); font-style: var(--body_typography-font-style,normal); font-weight: var(--body_typography-font-weight); letter-spacing: var(--body_typography-letter-spacing);\">Sobre el origen de la filosof\u00eda, afirmamos que surgi\u00f3 de la teolog\u00eda cuando de sus formas expositivas<\/span><br \/><span style=\"color: var(--body_typography-color); font-family: var(--body_typography-font-family); font-size: var(--body_typography-font-size); font-style: var(--body_typography-font-style,normal); font-weight: var(--body_typography-font-weight); letter-spacing: var(--body_typography-letter-spacing);\">se crearon ideas intelectivas y racionales que trascendieron los mitos. De ese modo se fueron formando las ideas filos\u00f3ficas y los elementos racionales, hasta que esas ideas al unirse con la raz\u00f3n se<\/span><br \/><span style=\"color: var(--body_typography-color); font-family: var(--body_typography-font-family); font-size: var(--body_typography-font-size); font-style: var(--body_typography-font-style,normal); font-weight: var(--body_typography-font-weight); letter-spacing: var(--body_typography-letter-spacing);\">convirtieron en una concepci\u00f3n y m\u00e9todo te\u00f3ricos que se independiz\u00f3 de la teolog\u00eda. As\u00ed surgi\u00f3, de<\/span><br \/><span style=\"color: var(--body_typography-color); font-family: var(--body_typography-font-family); font-size: var(--body_typography-font-size); font-style: var(--body_typography-font-style,normal); font-weight: var(--body_typography-font-weight); letter-spacing: var(--body_typography-letter-spacing);\">modo hist\u00f3rico, la filosof\u00eda con sus principios, objetos y m\u00e9todos. Este sistema de conocimientos no se<\/span><br \/><span style=\"color: var(--body_typography-color); font-family: var(--body_typography-font-family); font-size: var(--body_typography-font-size); font-style: var(--body_typography-font-style,normal); font-weight: var(--body_typography-font-weight); letter-spacing: var(--body_typography-letter-spacing);\">origin\u00f3 por el asombro ni por la curiosidad, punto de vista aristot\u00e9lico, por conocer el por qu\u00e9 de los<\/span><br \/><span style=\"color: var(--body_typography-color); font-family: var(--body_typography-font-family); font-size: var(--body_typography-font-size); font-style: var(--body_typography-font-style,normal); font-weight: var(--body_typography-font-weight); letter-spacing: var(--body_typography-letter-spacing);\">fen\u00f3menos, cosas y objetos del mundo que rodeaba al hombre de la Antig\u00fcedad. Para que se originara<\/span><br \/><span style=\"color: var(--body_typography-color); font-family: var(--body_typography-font-family); font-size: var(--body_typography-font-size); font-style: var(--body_typography-font-style,normal); font-weight: var(--body_typography-font-weight); letter-spacing: var(--body_typography-letter-spacing);\">la filosof\u00eda fue necesario que las percepciones y cosmovisi\u00f3n que se proyectaban de la cultura antigua<\/span><br \/><span style=\"color: var(--body_typography-color); font-family: var(--body_typography-font-family); font-size: var(--body_typography-font-size); font-style: var(--body_typography-font-style,normal); font-weight: var(--body_typography-font-weight); letter-spacing: var(--body_typography-letter-spacing);\">griega, tuvieran un cambio de mentalidad cultural de enorme trascendencia hist\u00f3rica y social. Tambi\u00e9n enfocamos, con brevedad explicativa, los centros de las investigaciones y reflexiones fundamentales<\/span><br \/><span style=\"color: var(--body_typography-color); font-family: var(--body_typography-font-family); font-size: var(--body_typography-font-size); font-style: var(--body_typography-font-style,normal); font-weight: var(--body_typography-font-weight); letter-spacing: var(--body_typography-letter-spacing);\">desde el inicio de la filosof\u00eda hasta nuestro tiempo.<\/span><br \/><span style=\"color: var(--body_typography-color); font-family: var(--body_typography-font-family); font-size: var(--body_typography-font-size); font-style: var(--body_typography-font-style,normal); font-weight: var(--body_typography-font-weight); letter-spacing: var(--body_typography-letter-spacing);\">Tambi\u00e9n explicamos e interpretamos filos\u00f3ficamente, seg\u00fan la dial\u00e9ctica materialista, las actuales<\/span><br \/><span style=\"color: var(--body_typography-color); font-family: var(--body_typography-font-family); font-size: var(--body_typography-font-size); font-style: var(--body_typography-font-style,normal); font-weight: var(--body_typography-font-weight); letter-spacing: var(--body_typography-letter-spacing);\">teor\u00edas cu\u00e1nticas de los fen\u00f3menos y procesos del micro-mundo, como los quarks (part\u00edculas que<\/span><br \/><span style=\"color: var(--body_typography-color); font-family: var(--body_typography-font-family); font-size: var(--body_typography-font-size); font-style: var(--body_typography-font-style,normal); font-weight: var(--body_typography-font-weight); letter-spacing: var(--body_typography-letter-spacing);\">forman los bariones y mesones), \u00e1tomos y mol\u00e9culas; y del macro-mundo, como el universo.<\/span><br \/><span style=\"color: var(--body_typography-color); font-family: var(--body_typography-font-family); font-size: var(--body_typography-font-size); font-style: var(--body_typography-font-style,normal); font-weight: var(--body_typography-font-weight); letter-spacing: var(--body_typography-letter-spacing);\">Adem\u00e1s, exponemos un nuevo planteamiento y teor\u00eda marxista sobre la Econom\u00eda Pol\u00edtica en la que<\/span><br \/><span style=\"color: var(--body_typography-color); font-family: var(--body_typography-font-family); font-size: var(--body_typography-font-size); font-style: var(--body_typography-font-style,normal); font-weight: var(--body_typography-font-weight); letter-spacing: var(--body_typography-letter-spacing);\">se interpreta de modo dial\u00e9ctico y cient\u00edfico el fen\u00f3meno econ\u00f3mico capitalista denominado<\/span><br \/><span style=\"color: var(--body_typography-color); font-family: var(--body_typography-font-family); font-size: var(--body_typography-font-size); font-style: var(--body_typography-font-style,normal); font-weight: var(--body_typography-font-weight); letter-spacing: var(--body_typography-letter-spacing);\">Globalizaci\u00f3n de la econom\u00eda de mercado. Explico de manera hist\u00f3rica y dial\u00e9ctica la base y<\/span><br \/><span style=\"color: var(--body_typography-color); font-family: var(--body_typography-font-family); font-size: var(--body_typography-font-size); font-style: var(--body_typography-font-style,normal); font-weight: var(--body_typography-font-weight); letter-spacing: var(--body_typography-letter-spacing);\">estructura del actual modo social de producci\u00f3n de la econom\u00eda capitalista, y el colapso y final de<\/span><br \/><span style=\"color: var(--body_typography-color); font-family: var(--body_typography-font-family); font-size: var(--body_typography-font-size); font-style: var(--body_typography-font-style,normal); font-weight: var(--body_typography-font-weight); letter-spacing: var(--body_typography-letter-spacing);\">este sistema socioecon\u00f3mico y su transici\u00f3n hacia el socialismo. Tambi\u00e9n trato de explicar las causas<\/span><br \/><span style=\"color: var(--body_typography-color); font-family: var(--body_typography-font-family); font-size: var(--body_typography-font-size); font-style: var(--body_typography-font-style,normal); font-weight: var(--body_typography-font-weight); letter-spacing: var(--body_typography-letter-spacing);\">hist\u00f3ricas de la ca\u00edda del socialismo sovi\u00e9tico, y propongo de c\u00f3mo debe ser el modelo del socialismo<\/span><br \/><span style=\"color: var(--body_typography-color); font-family: var(--body_typography-font-family); font-size: var(--body_typography-font-size); font-style: var(--body_typography-font-style,normal); font-weight: var(--body_typography-font-weight); letter-spacing: var(--body_typography-letter-spacing);\">en el siglo XXI. Analizo las contradicciones econ\u00f3micas y pol\u00edticas que existen entre los intereses del<\/span><br \/><span style=\"color: var(--body_typography-color); font-family: var(--body_typography-font-family); font-size: var(--body_typography-font-size); font-style: var(--body_typography-font-style,normal); font-weight: var(--body_typography-font-weight); letter-spacing: var(--body_typography-letter-spacing);\">mercado comunitario mundial y el imperialismo unipolar. Al respecto se\u00f1alamos los riesgos y peligros<\/span><br \/><span style=\"color: var(--body_typography-color); font-family: var(--body_typography-font-family); font-size: var(--body_typography-font-size); font-style: var(--body_typography-font-style,normal); font-weight: var(--body_typography-font-weight); letter-spacing: var(--body_typography-letter-spacing);\">que amenazan la paz mundial.<\/span><br \/><span style=\"color: var(--body_typography-color); font-family: var(--body_typography-font-family); font-size: var(--body_typography-font-size); font-style: var(--body_typography-font-style,normal); font-weight: var(--body_typography-font-weight); letter-spacing: var(--body_typography-letter-spacing);\">En lo que concierne al Socialismo Cient\u00edfico tratamos de un modo cr\u00edtico las cuestiones<\/span><br \/><span style=\"color: var(--body_typography-color); font-family: var(--body_typography-font-family); font-size: var(--body_typography-font-size); font-style: var(--body_typography-font-style,normal); font-weight: var(--body_typography-font-weight); letter-spacing: var(--body_typography-letter-spacing);\">fundamentales de la revoluci\u00f3n proletaria y la construcci\u00f3n del modo (social) de producci\u00f3n<\/span><br \/><span style=\"color: var(--body_typography-color); font-family: var(--body_typography-font-family); font-size: var(--body_typography-font-size); font-style: var(--body_typography-font-style,normal); font-weight: var(--body_typography-font-weight); letter-spacing: var(--body_typography-letter-spacing);\">(econ\u00f3mica) socialista. Y como corolario de estos an\u00e1lisis dial\u00e9cticos, expongo que en la fase<\/span><br \/><span style=\"color: var(--body_typography-color); font-family: var(--body_typography-font-family); font-size: var(--body_typography-font-size); font-style: var(--body_typography-font-style,normal); font-weight: var(--body_typography-font-weight); letter-spacing: var(--body_typography-letter-spacing);\">globalista la revoluci\u00f3n socialista debe transitar por los cauces de la democracia, porque las<\/span><br \/><span style=\"color: var(--body_typography-color); font-family: var(--body_typography-font-family); font-size: var(--body_typography-font-size); font-style: var(--body_typography-font-style,normal); font-weight: var(--body_typography-font-weight); letter-spacing: var(--body_typography-letter-spacing);\">nuevas contradicciones que generan el capitalismo de mercado y la econom\u00eda mundial conducen<\/span><br \/><span style=\"color: var(--body_typography-color); font-family: var(--body_typography-font-family); font-size: var(--body_typography-font-size); font-style: var(--body_typography-font-style,normal); font-weight: var(--body_typography-font-weight); letter-spacing: var(--body_typography-letter-spacing);\">hacia sus l\u00edmites sociopol\u00edticos a la democracia burguesa que transita dial\u00e9cticamente y se<\/span><br \/><span style=\"color: var(--body_typography-color); font-family: var(--body_typography-font-family); font-size: var(--body_typography-font-size); font-style: var(--body_typography-font-style,normal); font-weight: var(--body_typography-font-weight); letter-spacing: var(--body_typography-letter-spacing);\">transforma en proletaria y socialista.<\/span><br \/><span style=\"color: var(--body_typography-color); font-family: var(--body_typography-font-family); font-size: var(--body_typography-font-size); font-style: var(--body_typography-font-style,normal); font-weight: var(--body_typography-font-weight); letter-spacing: var(--body_typography-letter-spacing);\">De los an\u00e1lisis, cr\u00edticas e interpretaciones dial\u00e9cticas de este texto, explicamos la actividad pr\u00e1ctica<\/span><br \/><span style=\"color: var(--body_typography-color); font-family: var(--body_typography-font-family); font-size: var(--body_typography-font-size); font-style: var(--body_typography-font-style,normal); font-weight: var(--body_typography-font-weight); letter-spacing: var(--body_typography-letter-spacing);\">socio-hist\u00f3rica de la unidad social del trabajo material e intelectual, en su interacci\u00f3n transformadora de la sociedad y de la historia, como la verdadera fuente de la soluci\u00f3n del problema del conocimiento.<\/span><br \/><span style=\"color: var(--body_typography-color); font-family: var(--body_typography-font-family); font-size: var(--body_typography-font-size); font-style: var(--body_typography-font-style,normal); font-weight: var(--body_typography-font-weight); letter-spacing: var(--body_typography-letter-spacing);\">Adem\u00e1s, esta soluci\u00f3n es una relaci\u00f3n interactiva entre filosof\u00eda, econom\u00eda, sociolog\u00eda y pol\u00edtica. Y es<\/span><br \/><span style=\"color: var(--body_typography-color); font-family: var(--body_typography-font-family); font-size: var(--body_typography-font-size); font-style: var(--body_typography-font-style,normal); font-weight: var(--body_typography-font-weight); letter-spacing: var(--body_typography-letter-spacing);\">que la interpretaci\u00f3n materialista hist\u00f3rica y dial\u00e9ctica aplicada en las cuestiones fundamentales de la<\/span><br \/><span style=\"color: var(--body_typography-color); font-family: var(--body_typography-font-family); font-size: var(--body_typography-font-size); font-style: var(--body_typography-font-style,normal); font-weight: var(--body_typography-font-weight); letter-spacing: var(--body_typography-letter-spacing);\">Econom\u00eda Pol\u00edtica y del Socialismo del proletariado requiere de una base cient\u00edfica, para la<\/span><br \/><span style=\"color: var(--body_typography-color); font-family: var(--body_typography-font-family); font-size: var(--body_typography-font-size); font-style: var(--body_typography-font-style,normal); font-weight: var(--body_typography-font-weight); letter-spacing: var(--body_typography-letter-spacing);\">sustentaci\u00f3n objetiva de sus teor\u00edas y tesis filos\u00f3ficas.<\/span><br \/><span style=\"color: var(--body_typography-color); font-family: var(--body_typography-font-family); font-size: var(--body_typography-font-size); font-style: var(--body_typography-font-style,normal); font-weight: var(--body_typography-font-weight); letter-spacing: var(--body_typography-letter-spacing);\">Todos estos problemas socioecon\u00f3micos y pol\u00edticos los enfocamos seg\u00fan las directrices de las<\/span><br \/><span style=\"color: var(--body_typography-color); font-family: var(--body_typography-font-family); font-size: var(--body_typography-font-size); font-style: var(--body_typography-font-style,normal); font-weight: var(--body_typography-font-weight); letter-spacing: var(--body_typography-letter-spacing);\">teor\u00edas y m\u00e9todos del materialismo hist\u00f3rico y de la dial\u00e9ctica materialista.<\/span><br \/><span style=\"color: var(--body_typography-color); font-family: var(--body_typography-font-family); font-size: var(--body_typography-font-size); font-style: var(--body_typography-font-style,normal); font-weight: var(--body_typography-font-weight); letter-spacing: var(--body_typography-letter-spacing);\">Es cierto que como consecuencia del desmoronamiento de la Uni\u00f3n Sovi\u00e9tica, una parte de la<\/span><br \/><span style=\"color: var(--body_typography-color); font-family: var(--body_typography-font-family); font-size: var(--body_typography-font-size); font-style: var(--body_typography-font-style,normal); font-weight: var(--body_typography-font-weight); letter-spacing: var(--body_typography-letter-spacing);\">conciencia filos\u00f3fica (que concierne al desconocimiento del materialismo cient\u00edfico) de la humanidad se ha desgarrado, y las ideolog\u00edas de izquierda han disminuido sensiblemente su capacidad cognoscitiva y credibilidad valorativa en sus proyecciones revolucionarias. En el aspecto te\u00f3rico, la crisis se hizo m\u00e1s precaria cuando las filosof\u00edas, ciencias sociales e ideolog\u00edas de los dos bloques mundiales<\/span><br \/><span style=\"color: var(--body_typography-color); font-family: var(--body_typography-font-family); font-size: var(--body_typography-font-size); font-style: var(--body_typography-font-style,normal); font-weight: var(--body_typography-font-weight); letter-spacing: var(--body_typography-letter-spacing);\">econ\u00f3mico-pol\u00edtico-militar fueron incapaces de predecir la ca\u00edda del comunismo sovi\u00e9tico. En esa<\/span><br \/><span style=\"color: var(--body_typography-color); font-family: var(--body_typography-font-family); font-size: var(--body_typography-font-size); font-style: var(--body_typography-font-style,normal); font-weight: var(--body_typography-font-weight); letter-spacing: var(--body_typography-letter-spacing);\">peligrosa confrontaci\u00f3n, la Guerra Fr\u00eda hab\u00eda llegado al punto m\u00e1s amenazante de estallar en un<\/span><br \/><span style=\"color: var(--body_typography-color); font-family: var(--body_typography-font-family); font-size: var(--body_typography-font-size); font-style: var(--body_typography-font-style,normal); font-weight: var(--body_typography-font-weight); letter-spacing: var(--body_typography-letter-spacing);\">holocausto at\u00f3mico mundial con los belicistas y agresivos gobiernos estadounidenses.<\/span><br \/><span style=\"color: var(--body_typography-color); font-family: var(--body_typography-font-family); font-size: var(--body_typography-font-size); font-style: var(--body_typography-font-style,normal); font-weight: var(--body_typography-font-weight); letter-spacing: var(--body_typography-letter-spacing);\">Estos acontecimientos produjeron un trauma moral y pol\u00edtico en los movimientos y tendencias de<\/span><br \/><span style=\"color: var(--body_typography-color); font-family: var(--body_typography-font-family); font-size: var(--body_typography-font-size); font-style: var(--body_typography-font-style,normal); font-weight: var(--body_typography-font-weight); letter-spacing: var(--body_typography-letter-spacing);\">izquierdas. En este contexto pol\u00edtico mundial, su creatividad y concepciones cr\u00edticas e interpretativas en la filosof\u00eda y en las ciencias sociales han menguado te\u00f3ricamente. Por lo que algunas ideolog\u00edas de<\/span><br \/><span style=\"color: var(--body_typography-color); font-family: var(--body_typography-font-family); font-size: var(--body_typography-font-size); font-style: var(--body_typography-font-style,normal); font-weight: var(--body_typography-font-weight); letter-spacing: var(--body_typography-letter-spacing);\">izquierda eclipsaron en su capacidad y consistencia epistemol\u00f3gica y otras han colapsado. En este<\/span><br \/><span style=\"color: var(--body_typography-color); font-family: var(--body_typography-font-family); font-size: var(--body_typography-font-size); font-style: var(--body_typography-font-style,normal); font-weight: var(--body_typography-font-weight); letter-spacing: var(--body_typography-letter-spacing);\">nuevo balance de lucha ideol\u00f3gica de clase social, el social-neoliberalismo ha creado el mito y la<\/span><br \/><span style=\"color: var(--body_typography-color); font-family: var(--body_typography-font-family); font-size: var(--body_typography-font-size); font-style: var(--body_typography-font-style,normal); font-weight: var(--body_typography-font-weight); letter-spacing: var(--body_typography-letter-spacing);\">falsedad de considerar que posee el criterio incuestionable de la verdad y del saber absoluto en<\/span><br \/><span style=\"color: var(--body_typography-color); font-family: var(--body_typography-font-family); font-size: var(--body_typography-font-size); font-style: var(--body_typography-font-style,normal); font-weight: var(--body_typography-font-weight); letter-spacing: var(--body_typography-letter-spacing);\">las convicciones y el conocimiento de la realidad objetiva de la sociedad y de la historia.<\/span><br \/><span style=\"color: var(--body_typography-color); font-family: var(--body_typography-font-family); font-size: var(--body_typography-font-size); font-style: var(--body_typography-font-style,normal); font-weight: var(--body_typography-font-weight); letter-spacing: var(--body_typography-letter-spacing);\">Esta mengua filos\u00f3fica de la izquierda, y en especial del materialismo cient\u00edfico, ha favorecido<\/span><br \/><span style=\"color: var(--body_typography-color); font-family: var(--body_typography-font-family); font-size: var(--body_typography-font-size); font-style: var(--body_typography-font-style,normal); font-weight: var(--body_typography-font-weight); letter-spacing: var(--body_typography-letter-spacing);\">una proliferaci\u00f3n de misticismos (clericalismos) pol\u00edticos, supersticiones metaf\u00edsicas, mitos<\/span><br \/><span style=\"color: var(--body_typography-color); font-family: var(--body_typography-font-family); font-size: var(--body_typography-font-size); font-style: var(--body_typography-font-style,normal); font-weight: var(--body_typography-font-weight); letter-spacing: var(--body_typography-letter-spacing);\">econ\u00f3micos e ideolog\u00edas aberrantes, perversas y absurdas.<\/span><br \/><span style=\"color: var(--body_typography-color); font-family: var(--body_typography-font-family); font-size: var(--body_typography-font-size); font-style: var(--body_typography-font-style,normal); font-weight: var(--body_typography-font-weight); letter-spacing: var(--body_typography-letter-spacing);\">Ante esta situaci\u00f3n, los intelectuales de la izquierda socialista deben hacer un esfuerzo te\u00f3rico<\/span><br \/><span style=\"color: var(--body_typography-color); font-family: var(--body_typography-font-family); font-size: var(--body_typography-font-size); font-style: var(--body_typography-font-style,normal); font-weight: var(--body_typography-font-weight); letter-spacing: var(--body_typography-letter-spacing);\">para replantear y actualizar las concepciones cient\u00edficas del Materialismo Hist\u00f3rico y Dial\u00e9ctico,<\/span><br \/><span style=\"color: var(--body_typography-color); font-family: var(--body_typography-font-family); font-size: var(--body_typography-font-size); font-style: var(--body_typography-font-style,normal); font-weight: var(--body_typography-font-weight); letter-spacing: var(--body_typography-letter-spacing);\">del Socialismo y de la Econom\u00eda Pol\u00edtica del proletariado.<\/span><br \/><span style=\"color: var(--body_typography-color); font-family: var(--body_typography-font-family); font-size: var(--body_typography-font-size); font-style: var(--body_typography-font-style,normal); font-weight: var(--body_typography-font-weight); letter-spacing: var(--body_typography-letter-spacing);\">Indudablemente que este trabajo te\u00f3rico sobre el marxismo en el siglo XXI es un compromiso y<\/span><br \/><span style=\"color: var(--body_typography-color); font-family: var(--body_typography-font-family); font-size: var(--body_typography-font-size); font-style: var(--body_typography-font-style,normal); font-weight: var(--body_typography-font-weight); letter-spacing: var(--body_typography-letter-spacing);\">responsabilidad tanto \u00e9tica como pol\u00edtica hacia los trabajadores y estudiantes revolucionarios.<\/span><br \/><span style=\"color: var(--body_typography-color); font-family: var(--body_typography-font-family); font-size: var(--body_typography-font-size); font-style: var(--body_typography-font-style,normal); font-weight: var(--body_typography-font-weight); letter-spacing: var(--body_typography-letter-spacing);\">Es incuestionable que el marxismo en su esencia epistemol\u00f3gica tiene una base cient\u00edfica. Y su<\/span><br \/><span style=\"color: var(--body_typography-color); font-family: var(--body_typography-font-family); font-size: var(--body_typography-font-size); font-style: var(--body_typography-font-style,normal); font-weight: var(--body_typography-font-weight); letter-spacing: var(--body_typography-letter-spacing);\">verdad filos\u00f3fica est\u00e1 demostrada y probada por la realidad hist\u00f3rica del presente y por la pr\u00e1ctica social de los trabajadores que realizan tanto el trabajo material como el intelectual. El Materialismo Dial\u00e9ctico e Hist\u00f3rico, por tener una base plenamente revolucionaria, es la filosof\u00eda de los trabajadores y de la transformaci\u00f3n socialista de la sociedad y la gu\u00eda del camino de historia de los pueblos y de la<\/span><br \/><span style=\"color: var(--body_typography-color); font-family: var(--body_typography-font-family); font-size: var(--body_typography-font-size); font-style: var(--body_typography-font-style,normal); font-weight: var(--body_typography-font-weight); letter-spacing: var(--body_typography-letter-spacing);\">humanidad.<\/span><br \/><span style=\"color: var(--body_typography-color); font-family: var(--body_typography-font-family); font-size: var(--body_typography-font-size); font-style: var(--body_typography-font-style,normal); font-weight: var(--body_typography-font-weight); letter-spacing: var(--body_typography-letter-spacing);\">Al respecto, consideramos que las causas m\u00e1s pr\u00f3ximas que pusieron en entredicho y<\/span><br \/><span style=\"color: var(--body_typography-color); font-family: var(--body_typography-font-family); font-size: var(--body_typography-font-size); font-style: var(--body_typography-font-style,normal); font-weight: var(--body_typography-font-weight); letter-spacing: var(--body_typography-letter-spacing);\">cuestionamiento filos\u00f3fico al Materialismo Cient\u00edfico las expresamos a continuaci\u00f3n. En primer<\/span><br \/><span style=\"color: var(--body_typography-color); font-family: var(--body_typography-font-family); font-size: var(--body_typography-font-size); font-style: var(--body_typography-font-style,normal); font-weight: var(--body_typography-font-weight); letter-spacing: var(--body_typography-letter-spacing);\">t\u00e9rmino, la m\u00e1s da\u00f1ina y absurda fue convertir dogm\u00e1ticamente el Materialismo Cient\u00edfico en una<\/span><br \/><span style=\"color: var(--body_typography-color); font-family: var(--body_typography-font-family); font-size: var(--body_typography-font-size); font-style: var(--body_typography-font-style,normal); font-weight: var(--body_typography-font-weight); letter-spacing: var(--body_typography-letter-spacing);\">ideolog\u00eda y en un misticismo \u00e9tico y pol\u00edtico como consecuencia del Culto a la Personalidad<\/span><br \/><span style=\"color: var(--body_typography-color); font-family: var(--body_typography-font-family); font-size: var(--body_typography-font-size); font-style: var(--body_typography-font-style,normal); font-weight: var(--body_typography-font-weight); letter-spacing: var(--body_typography-letter-spacing);\">sustentado por el stalinismo y el burocratismo. En segundo t\u00e9rmino, la carencia de desarrollos<\/span><br \/><span style=\"color: var(--body_typography-color); font-family: var(--body_typography-font-family); font-size: var(--body_typography-font-size); font-style: var(--body_typography-font-style,normal); font-weight: var(--body_typography-font-weight); letter-spacing: var(--body_typography-letter-spacing);\">te\u00f3ricos en el campo de la cosmolog\u00eda que proporcionaran una explicaci\u00f3n consecuente y atinada<\/span><br \/><span style=\"color: var(--body_typography-color); font-family: var(--body_typography-font-family); font-size: var(--body_typography-font-size); font-style: var(--body_typography-font-style,normal); font-weight: var(--body_typography-font-weight); letter-spacing: var(--body_typography-letter-spacing);\">sobre el origen del universo, y que fuera acorde con el Materialismo Dial\u00e9ctico. En tercer t\u00e9rmino, los<\/span><br \/><span style=\"color: var(--body_typography-color); font-family: var(--body_typography-font-family); font-size: var(--body_typography-font-size); font-style: var(--body_typography-font-style,normal); font-weight: var(--body_typography-font-weight); letter-spacing: var(--body_typography-letter-spacing);\">fil\u00f3sofos sovi\u00e9ticos, confinados en un autoritarismo ideol\u00f3gico, no tuvieron la plena libertad creativa<\/span><br \/><span style=\"color: var(--body_typography-color); font-family: var(--body_typography-font-family); font-size: var(--body_typography-font-size); font-style: var(--body_typography-font-style,normal); font-weight: var(--body_typography-font-weight); letter-spacing: var(--body_typography-letter-spacing);\">para entender e interpretar seg\u00fan la dial\u00e9ctica materialista las teor\u00edas cu\u00e1nticas y relativistas de las<\/span><br \/><span style=\"color: var(--body_typography-color); font-family: var(--body_typography-font-family); font-size: var(--body_typography-font-size); font-style: var(--body_typography-font-style,normal); font-weight: var(--body_typography-font-weight); letter-spacing: var(--body_typography-letter-spacing);\">ciencias naturales del siglo XX. Adem\u00e1s, mostraban grandes limitaciones, en sus intentos de<\/span><br \/><span style=\"color: var(--body_typography-color); font-family: var(--body_typography-font-family); font-size: var(--body_typography-font-size); font-style: var(--body_typography-font-style,normal); font-weight: var(--body_typography-font-weight); letter-spacing: var(--body_typography-letter-spacing);\">armonizar la dial\u00e9ctica con los nuevos fen\u00f3menos y procesos cu\u00e1nticos y relativistas<\/span><br \/><span style=\"color: var(--body_typography-color); font-family: var(--body_typography-font-family); font-size: var(--body_typography-font-size); font-style: var(--body_typography-font-style,normal); font-weight: var(--body_typography-font-weight); letter-spacing: var(--body_typography-letter-spacing);\">descubiertos por las ciencias f\u00edsicas. En cuarto t\u00e9rmino, en cuanto a las teor\u00edas cient\u00edficas de<\/span><br \/><span style=\"color: var(--body_typography-color); font-family: var(--body_typography-font-family); font-size: var(--body_typography-font-size); font-style: var(--body_typography-font-style,normal); font-weight: var(--body_typography-font-weight); letter-spacing: var(--body_typography-letter-spacing);\">punta, como la Din\u00e1mica Cu\u00e1ntica de Color, tambi\u00e9n mostraban algunas limitaciones en la explicaci\u00f3n<\/span><br \/><span style=\"color: var(--body_typography-color); font-family: var(--body_typography-font-family); font-size: var(--body_typography-font-size); font-style: var(--body_typography-font-style,normal); font-weight: var(--body_typography-font-weight); letter-spacing: var(--body_typography-letter-spacing);\">e interpretaci\u00f3n filos\u00f3ficas. Por lo que algunos fil\u00f3sofos estadounidenses comenzaron a aventajarlos<\/span><br \/><span style=\"color: var(--body_typography-color); font-family: var(--body_typography-font-family); font-size: var(--body_typography-font-size); font-style: var(--body_typography-font-style,normal); font-weight: var(--body_typography-font-weight); letter-spacing: var(--body_typography-letter-spacing);\">desde la d\u00e9cada de los sesenta, y se pon\u00edan en primera l\u00ednea junto a los europeos occidentales. En<\/span><br \/><span style=\"color: var(--body_typography-color); font-family: var(--body_typography-font-family); font-size: var(--body_typography-font-size); font-style: var(--body_typography-font-style,normal); font-weight: var(--body_typography-font-weight); letter-spacing: var(--body_typography-letter-spacing);\">quinto t\u00e9rmino, cedieron gratuitamente la antropolog\u00eda filos\u00f3fica y la axiolog\u00eda a las reaccionarias<\/span><br \/><span style=\"color: var(--body_typography-color); font-family: var(--body_typography-font-family); font-size: var(--body_typography-font-size); font-style: var(--body_typography-font-style,normal); font-weight: var(--body_typography-font-weight); letter-spacing: var(--body_typography-letter-spacing);\">filosof\u00edas burguesas. Y en sexto t\u00e9rmino, no trataron de un modo profundo la filosof\u00eda del lenguaje,<\/span><br \/><span style=\"color: var(--body_typography-color); font-family: var(--body_typography-font-family); font-size: var(--body_typography-font-size); font-style: var(--body_typography-font-style,normal); font-weight: var(--body_typography-font-weight); letter-spacing: var(--body_typography-letter-spacing);\">de la ciencia, la epistemolog\u00eda, y la l\u00f3gica. Sus investigaciones en estas \u00e1reas fueron tard\u00edas y de<\/span><br \/><span style=\"color: var(--body_typography-color); font-family: var(--body_typography-font-family); font-size: var(--body_typography-font-size); font-style: var(--body_typography-font-style,normal); font-weight: var(--body_typography-font-weight); letter-spacing: var(--body_typography-letter-spacing);\">relativo valor te\u00f3rico.<\/span><br \/><span style=\"color: var(--body_typography-color); font-family: var(--body_typography-font-family); font-size: var(--body_typography-font-size); font-style: var(--body_typography-font-style,normal); font-weight: var(--body_typography-font-weight); letter-spacing: var(--body_typography-letter-spacing);\">Sin desestimar los aspectos importantes de los an\u00e1lisis y cr\u00edticas de la filosof\u00eda del lenguaje y de la<\/span><br \/><span style=\"color: var(--body_typography-color); font-family: var(--body_typography-font-family); font-size: var(--body_typography-font-size); font-style: var(--body_typography-font-style,normal); font-weight: var(--body_typography-font-weight); letter-spacing: var(--body_typography-letter-spacing);\">l\u00f3gica, no es una labor te\u00f3rica dif\u00edcil establecer la distinci\u00f3n esencial que existe entre filosof\u00eda e<\/span><br \/><span style=\"color: var(--body_typography-color); font-family: var(--body_typography-font-family); font-size: var(--body_typography-font-size); font-style: var(--body_typography-font-style,normal); font-weight: var(--body_typography-font-weight); letter-spacing: var(--body_typography-letter-spacing);\">ideolog\u00eda. Para nuestro fin explicativo e interpretativo, nos concretaremos a los aspectos hist\u00f3ricos y a<\/span><br \/><span style=\"color: var(--body_typography-color); font-family: var(--body_typography-font-family); font-size: var(--body_typography-font-size); font-style: var(--body_typography-font-style,normal); font-weight: var(--body_typography-font-weight); letter-spacing: var(--body_typography-letter-spacing);\">las obras filos\u00f3ficas y cient\u00edficas para deslindar esa diferencia.<\/span><br \/><span style=\"color: var(--body_typography-color); font-family: var(--body_typography-font-family); font-size: var(--body_typography-font-size); font-style: var(--body_typography-font-style,normal); font-weight: var(--body_typography-font-weight); letter-spacing: var(--body_typography-letter-spacing);\">Los primeros que trataron este problema fueron Marx y Engels en su obra \u201cLa Ideolog\u00eda Alemana\u201d.<\/span><br \/><span style=\"color: var(--body_typography-color); font-family: var(--body_typography-font-family); font-size: var(--body_typography-font-size); font-style: var(--body_typography-font-style,normal); font-weight: var(--body_typography-font-weight); letter-spacing: var(--body_typography-letter-spacing);\">En ella denunciaron el car\u00e1cter ideol\u00f3gico de la filosof\u00eda burguesa alemana. Y expresaron que \u00e9sta<\/span><br \/><span style=\"color: var(--body_typography-color); font-family: var(--body_typography-font-family); font-size: var(--body_typography-font-size); font-style: var(--body_typography-font-style,normal); font-weight: var(--body_typography-font-weight); letter-spacing: var(--body_typography-letter-spacing);\">no tiene la funci\u00f3n de investigar y explicar la verdad y la realidad de un modo objetivo y cient\u00edfico, sino de salvaguardar y justificar las ideas y concepciones de la clase social que domina a las otras a trav\u00e9s<\/span><br \/><span style=\"color: var(--body_typography-color); font-family: var(--body_typography-font-family); font-size: var(--body_typography-font-size); font-style: var(--body_typography-font-style,normal); font-weight: var(--body_typography-font-weight); letter-spacing: var(--body_typography-letter-spacing);\">de la propiedad privada y de la sociedad capitalista. La burgues\u00eda supedita la filosof\u00eda a los intereses<\/span><br \/><span style=\"color: var(--body_typography-color); font-family: var(--body_typography-font-family); font-size: var(--body_typography-font-size); font-style: var(--body_typography-font-style,normal); font-weight: var(--body_typography-font-weight); letter-spacing: var(--body_typography-letter-spacing);\">y necesidades de su ideolog\u00eda.<\/span><br \/><span style=\"color: var(--body_typography-color); font-family: var(--body_typography-font-family); font-size: var(--body_typography-font-size); font-style: var(--body_typography-font-style,normal); font-weight: var(--body_typography-font-weight); letter-spacing: var(--body_typography-letter-spacing);\">Como consecuencia de estos se\u00f1alamientos, Marx y Engels elaboraron de un modo revolucionario y<\/span><br \/><span style=\"color: var(--body_typography-color); font-family: var(--body_typography-font-family); font-size: var(--body_typography-font-size); font-style: var(--body_typography-font-style,normal); font-weight: var(--body_typography-font-weight); letter-spacing: var(--body_typography-letter-spacing);\">cient\u00edfico el sistema de ideas que consideraron deb\u00eda ser la ideolog\u00eda de la clase obrera. Para ellos,<\/span><br \/><span style=\"color: var(--body_typography-color); font-family: var(--body_typography-font-family); font-size: var(--body_typography-font-size); font-style: var(--body_typography-font-style,normal); font-weight: var(--body_typography-font-weight); letter-spacing: var(--body_typography-letter-spacing);\">\u00e9sta debe fundamentarse en lo m\u00e1s avanzado del conocimiento de la humanidad, que se expresa<\/span><br \/><span style=\"color: var(--body_typography-color); font-family: var(--body_typography-font-family); font-size: var(--body_typography-font-size); font-style: var(--body_typography-font-style,normal); font-weight: var(--body_typography-font-weight); letter-spacing: var(--body_typography-letter-spacing);\">en el Materialismo Dial\u00e9ctico e Hist\u00f3rico, el Socialismo Cient\u00edfico y la Econom\u00eda Pol\u00edtica<\/span><br \/><span style=\"color: var(--body_typography-color); font-family: var(--body_typography-font-family); font-size: var(--body_typography-font-size); font-style: var(--body_typography-font-style,normal); font-weight: var(--body_typography-font-weight); letter-spacing: var(--body_typography-letter-spacing);\">proletaria. Estas tres disciplinas del saber filos\u00f3fico y cient\u00edfico constituyen el marxismo, que es un<\/span><br \/><span style=\"color: var(--body_typography-color); font-family: var(--body_typography-font-family); font-size: var(--body_typography-font-size); font-style: var(--body_typography-font-style,normal); font-weight: var(--body_typography-font-weight); letter-spacing: var(--body_typography-letter-spacing);\">sistema e instrumentos te\u00f3ricos en la lucha de clase social del proletariado contra el capitalismo<\/span><br \/><span style=\"color: var(--body_typography-color); font-family: var(--body_typography-font-family); font-size: var(--body_typography-font-size); font-style: var(--body_typography-font-style,normal); font-weight: var(--body_typography-font-weight); letter-spacing: var(--body_typography-letter-spacing);\">y una gu\u00eda para la revoluci\u00f3n y construcci\u00f3n de la sociedad del modo social de la producci\u00f3n<\/span><br \/><span style=\"color: var(--body_typography-color); font-family: var(--body_typography-font-family); font-size: var(--body_typography-font-size); font-style: var(--body_typography-font-style,normal); font-weight: var(--body_typography-font-weight); letter-spacing: var(--body_typography-letter-spacing);\">econ\u00f3mica socialistas. Posteriormente, Lenin reafirm\u00f3 que el marxismo es la integraci\u00f3n<\/span><br \/><span style=\"color: var(--body_typography-color); font-family: var(--body_typography-font-family); font-size: var(--body_typography-font-size); font-style: var(--body_typography-font-style,normal); font-weight: var(--body_typography-font-weight); letter-spacing: var(--body_typography-letter-spacing);\">conceptual de esas tres teor\u00edas cient\u00edficas y revolucionarias. Sin embargo, la creatividad te\u00f3rica del<\/span><br \/><span style=\"color: var(--body_typography-color); font-family: var(--body_typography-font-family); font-size: var(--body_typography-font-size); font-style: var(--body_typography-font-style,normal); font-weight: var(--body_typography-font-weight); letter-spacing: var(--body_typography-letter-spacing);\">marxismo, posterior a este dirigente e investigador social, sufri\u00f3 limitaciones en sus planteamientos y<\/span><br \/><span style=\"color: var(--body_typography-color); font-family: var(--body_typography-font-family); font-size: var(--body_typography-font-size); font-style: var(--body_typography-font-style,normal); font-weight: var(--body_typography-font-weight); letter-spacing: var(--body_typography-letter-spacing);\">enfoques como la ideolog\u00eda cient\u00edfica y revolucionaria de la clase obrera.<\/span><br \/><span style=\"color: var(--body_typography-color); font-family: var(--body_typography-font-family); font-size: var(--body_typography-font-size); font-style: var(--body_typography-font-style,normal); font-weight: var(--body_typography-font-weight); letter-spacing: var(--body_typography-letter-spacing);\">En la actual fase social de las fuerzas productivas econ\u00f3micas mundiales, el marxismo y las<\/span><br \/><span style=\"color: var(--body_typography-color); font-family: var(--body_typography-font-family); font-size: var(--body_typography-font-size); font-style: var(--body_typography-font-style,normal); font-weight: var(--body_typography-font-weight); letter-spacing: var(--body_typography-letter-spacing);\">ciencias sociales y naturales deben integrarse en una unidad te\u00f3rica y pr\u00e1ctica revolucionarias.<\/span><br \/><span style=\"color: var(--body_typography-color); font-family: var(--body_typography-font-family); font-size: var(--body_typography-font-size); font-style: var(--body_typography-font-style,normal); font-weight: var(--body_typography-font-weight); letter-spacing: var(--body_typography-letter-spacing);\">En esta unificaci\u00f3n te\u00f3rica, la ideolog\u00eda del comunismo tiene su verdadera fuente como sistema de<\/span><br \/><span style=\"color: var(--body_typography-color); font-family: var(--body_typography-font-family); font-size: var(--body_typography-font-size); font-style: var(--body_typography-font-style,normal); font-weight: var(--body_typography-font-weight); letter-spacing: var(--body_typography-letter-spacing);\">interpretaci\u00f3n pr\u00e1ctica e inmediata de los fen\u00f3menos y procesos econ\u00f3micos, sociales y pol\u00edticos<\/span><br \/><span style=\"color: var(--body_typography-color); font-family: var(--body_typography-font-family); font-size: var(--body_typography-font-size); font-style: var(--body_typography-font-style,normal); font-weight: var(--body_typography-font-weight); letter-spacing: var(--body_typography-letter-spacing);\">que acontecen en la sociedad y en la lucha de clase contra la burgues\u00eda globalista.<\/span><br \/><span style=\"color: var(--body_typography-color); font-family: var(--body_typography-font-family); font-size: var(--body_typography-font-size); font-style: var(--body_typography-font-style,normal); font-weight: var(--body_typography-font-weight); letter-spacing: var(--body_typography-letter-spacing);\">En la investigaci\u00f3n, an\u00e1lisis e interpretaci\u00f3n cient\u00edfica de la ca\u00edda de la Uni\u00f3n Sovi\u00e9tica y del<\/span><br \/><span style=\"color: var(--body_typography-color); font-family: var(--body_typography-font-family); font-size: var(--body_typography-font-size); font-style: var(--body_typography-font-style,normal); font-weight: var(--body_typography-font-weight); letter-spacing: var(--body_typography-letter-spacing);\">r\u00e9gimen socialista es imprescindible establecer la distinci\u00f3n fundamental entre las fuerzas y las<\/span><br \/><span style=\"color: var(--body_typography-color); font-family: var(--body_typography-font-family); font-size: var(--body_typography-font-size); font-style: var(--body_typography-font-style,normal); font-weight: var(--body_typography-font-weight); letter-spacing: var(--body_typography-letter-spacing);\">relaciones de producci\u00f3n. En el modo de producci\u00f3n, las primeras constituyen la base; y las<\/span><br \/><span style=\"color: var(--body_typography-color); font-family: var(--body_typography-font-family); font-size: var(--body_typography-font-size); font-style: var(--body_typography-font-style,normal); font-weight: var(--body_typography-font-weight); letter-spacing: var(--body_typography-letter-spacing);\">segundas, las estructuras. Pero en el sistema socialista sovi\u00e9tico se formaron formas burocr\u00e1ticas<\/span><br \/><span style=\"color: var(--body_typography-color); font-family: var(--body_typography-font-family); font-size: var(--body_typography-font-size); font-style: var(--body_typography-font-style,normal); font-weight: var(--body_typography-font-weight); letter-spacing: var(--body_typography-letter-spacing);\">en las relaciones de producci\u00f3n que no fueron ni son inherentes o necesarias, pero si posibles, en la<\/span><br \/><span style=\"color: var(--body_typography-color); font-family: var(--body_typography-font-family); font-size: var(--body_typography-font-size); font-style: var(--body_typography-font-style,normal); font-weight: var(--body_typography-font-weight); letter-spacing: var(--body_typography-letter-spacing);\">econom\u00eda socialista. Esas formas burocr\u00e1ticas (que son intermediarias o medi\u00e1ticas) surgen<\/span><br \/><span style=\"color: var(--body_typography-color); font-family: var(--body_typography-font-family); font-size: var(--body_typography-font-size); font-style: var(--body_typography-font-style,normal); font-weight: var(--body_typography-font-weight); letter-spacing: var(--body_typography-letter-spacing);\">cuando no se establece la plena y completa alianza sociopol\u00edtica entre las clases obreras y<\/span><br \/><span style=\"color: var(--body_typography-color); font-family: var(--body_typography-font-family); font-size: var(--body_typography-font-size); font-style: var(--body_typography-font-style,normal); font-weight: var(--body_typography-font-weight); letter-spacing: var(--body_typography-letter-spacing);\">campesinas y el Partido y Estado comunistas. Sin embargo, esas formas burocr\u00e1ticas pod\u00edan<\/span><br \/><span style=\"color: var(--body_typography-color); font-family: var(--body_typography-font-family); font-size: var(--body_typography-font-size); font-style: var(--body_typography-font-style,normal); font-weight: var(--body_typography-font-weight); letter-spacing: var(--body_typography-letter-spacing);\">disolverse mediante reformas estrictamente socialistas con una revoluci\u00f3n pol\u00edtica y el apoyo de<\/span><br \/><span style=\"color: var(--body_typography-color); font-family: var(--body_typography-font-family); font-size: var(--body_typography-font-size); font-style: var(--body_typography-font-style,normal); font-weight: var(--body_typography-font-weight); letter-spacing: var(--body_typography-letter-spacing);\">las masas populares (obreros, campesino, intelectuales y otros trabajadores).<\/span><br \/><span style=\"color: var(--body_typography-color); font-family: var(--body_typography-font-family); font-size: var(--body_typography-font-size); font-style: var(--body_typography-font-style,normal); font-weight: var(--body_typography-font-weight); letter-spacing: var(--body_typography-letter-spacing);\">Dado que en la primera fase del socialismo el Estado tiene que administrar y dirigir la econom\u00eda<\/span><br \/><span style=\"color: var(--body_typography-color); font-family: var(--body_typography-font-family); font-size: var(--body_typography-font-size); font-style: var(--body_typography-font-style,normal); font-weight: var(--body_typography-font-weight); letter-spacing: var(--body_typography-letter-spacing);\">porque no existen relaciones proletarias de producci\u00f3n, entonces esa entidad, adem\u00e1s de su constituci\u00f3n<\/span><br \/><span style=\"color: var(--body_typography-color); font-family: var(--body_typography-font-family); font-size: var(--body_typography-font-size); font-style: var(--body_typography-font-style,normal); font-weight: var(--body_typography-font-weight); letter-spacing: var(--body_typography-letter-spacing);\">y fines pol\u00edticos, adquiere una funci\u00f3n econ\u00f3mica, cre\u00e1ndose el Socialismo (econ\u00f3mico) de Estado.<\/span><br \/><span style=\"color: var(--body_typography-color); font-family: var(--body_typography-font-family); font-size: var(--body_typography-font-size); font-style: var(--body_typography-font-style,normal); font-weight: var(--body_typography-font-weight); letter-spacing: var(--body_typography-letter-spacing);\">Pero como en la Uni\u00f3n Sovi\u00e9tica, durante la primera \u00e9poca del r\u00e9gimen de Stalin se produjo una<\/span><br \/><span style=\"color: var(--body_typography-color); font-family: var(--body_typography-font-family); font-size: var(--body_typography-font-size); font-style: var(--body_typography-font-style,normal); font-weight: var(--body_typography-font-weight); letter-spacing: var(--body_typography-letter-spacing);\">relativa ruptura en la alianza sociopol\u00edtica de los obreros y campesinos con el Partido y el Estado, se<\/span><br \/><span style=\"color: var(--body_typography-color); font-family: var(--body_typography-font-family); font-size: var(--body_typography-font-size); font-style: var(--body_typography-font-style,normal); font-weight: var(--body_typography-font-weight); letter-spacing: var(--body_typography-letter-spacing);\">deriv\u00f3 hacia un burocratismo socialista. Y al no ser disuelta la burocracia, \u00e9sta se incrust\u00f3 en las<\/span><br \/><span style=\"color: var(--body_typography-color); font-family: var(--body_typography-font-family); font-size: var(--body_typography-font-size); font-style: var(--body_typography-font-style,normal); font-weight: var(--body_typography-font-weight); letter-spacing: var(--body_typography-letter-spacing);\">instituciones socialistas.<\/span><br \/><span style=\"color: var(--body_typography-color); font-family: var(--body_typography-font-family); font-size: var(--body_typography-font-size); font-style: var(--body_typography-font-style,normal); font-weight: var(--body_typography-font-weight); letter-spacing: var(--body_typography-letter-spacing);\">En este ese contexto sociopol\u00edtico burocr\u00e1tico el marxismo se debilit\u00f3 como teor\u00eda e ideolog\u00eda <\/span><span style=\"color: var(--body_typography-color); font-family: var(--body_typography-font-family); font-size: var(--body_typography-font-size); font-style: var(--body_typography-font-style,normal); font-weight: var(--body_typography-font-weight); letter-spacing: var(--body_typography-letter-spacing);\">cient\u00edfica del proletariado. Entonces no fue casual que la burocracia convirtiera al marxismo en un <\/span><span style=\"color: var(--body_typography-color); font-family: var(--body_typography-font-family); font-size: var(--body_typography-font-size); font-style: var(--body_typography-font-style,normal); font-weight: var(--body_typography-font-weight); letter-spacing: var(--body_typography-letter-spacing);\">instrumento te\u00f3rico de las clases pol\u00edticas. Lo que deriv\u00f3 una deformaci\u00f3n social-pragmatista de la<\/span><span style=\"color: var(--body_typography-color); font-family: var(--body_typography-font-family); font-size: var(--body_typography-font-size); font-style: var(--body_typography-font-style,normal); font-weight: var(--body_typography-font-weight); letter-spacing: var(--body_typography-letter-spacing);\">teor\u00eda cient\u00edfica del proletariado.<\/span><\/p>\n<\/div><\/div><style type=\"text\/css\">.fusion-body .fusion-builder-column-0{width:75% !important;margin-top : 0px;margin-bottom : 0px;}.fusion-builder-column-0 > .fusion-column-wrapper {padding-top : 0px !important;padding-right : 0px !important;margin-right : 2.56%;padding-bottom : 0px !important;padding-left : 0px !important;margin-left : 2.56%;}@media only screen and (max-width:800px) {.fusion-body .fusion-builder-column-0{width:100% !important;}.fusion-builder-column-0 > .fusion-column-wrapper {margin-right : 1.92%;margin-left : 1.92%;}}@media only screen and (max-width:640px) {.fusion-body .fusion-builder-column-0{width:100% !important;}.fusion-builder-column-0 > .fusion-column-wrapper {margin-right : 1.92%;margin-left : 1.92%;}}<\/style><\/div><div class=\"fusion-layout-column fusion_builder_column fusion-builder-column-1 fusion_builder_column_1_4 1_4 fusion-flex-column\"><div class=\"fusion-column-wrapper fusion-flex-justify-content-flex-start fusion-content-layout-column\" style=\"background-position:left top;background-repeat:no-repeat;-webkit-background-size:cover;-moz-background-size:cover;-o-background-size:cover;background-size:cover;padding: 0px 0px 0px 0px;\"><div class=\"fusion-widget fusion-widget-element fusion-widget-area fusion-content-widget-area wpWidget-1 fusion-widget-align-right\" style=\"background-color:#ffffff;border-width:0px;border-style:solid;\"><style type=\"text\/css\" data-id=\"wpWidget-1\">#wrapper .wpWidget-1 li { border-color:#bfbfbf;}<\/style><div class=\"widget widget_categories\"><div class=\"heading\"><h4 class=\"widget-title\">Categor\u00edas<\/h4><\/div>\n\t\t\t<ul>\n\t\t\t\t\t<li class=\"cat-item cat-item-20\"><a href=\"https:\/\/www.carloschuez.com\/home\/category\/filosofia\/\">Filosof\u00eda (5)<\/a>\n<\/li>\n\t<li class=\"cat-item cat-item-38\"><a href=\"https:\/\/www.carloschuez.com\/home\/category\/fisica-y-cosmologia\/\">F\u00edsica y Cosmolog\u00eda (2)<\/a>\n<\/li>\n\t<li class=\"cat-item cat-item-39\"><a href=\"https:\/\/www.carloschuez.com\/home\/category\/historia\/\">Historia (3)<\/a>\n<\/li>\n\t<li class=\"cat-item cat-item-40\"><a href=\"https:\/\/www.carloschuez.com\/home\/category\/matematicas\/\">Matem\u00e1ticas (3)<\/a>\n<\/li>\n\t<li class=\"cat-item cat-item-1\"><a href=\"https:\/\/www.carloschuez.com\/home\/category\/sin-categoria\/\">Sin categor\u00eda (1)<\/a>\n<\/li>\n\t\t\t<\/ul>\n\n\t\t\t<\/div><\/div><\/div><style type=\"text\/css\">.fusion-body .fusion-builder-column-1{width:25% !important;margin-top : 0px;margin-bottom : 0px;}.fusion-builder-column-1 > .fusion-column-wrapper {padding-top : 0px !important;padding-right : 0px !important;margin-right : 7.68%;padding-bottom : 0px !important;padding-left : 0px !important;margin-left : 7.68%;}@media only screen and (max-width:800px) {.fusion-body .fusion-builder-column-1{width:100% !important;order : 0;}.fusion-builder-column-1 > .fusion-column-wrapper {margin-right : 1.92%;margin-left : 1.92%;}}@media only screen and (max-width:640px) {.fusion-body .fusion-builder-column-1{width:100% !important;order : 0;}.fusion-builder-column-1 > .fusion-column-wrapper {margin-right : 1.92%;margin-left : 1.92%;}}<\/style><\/div><\/div><style type=\"text\/css\">.fusion-body .fusion-flex-container.fusion-builder-row-1{ padding-top : 0px;margin-top : 0px;padding-right : 0px;padding-bottom : 0px;margin-bottom : 0px;padding-left : 0px;}<\/style><\/div><div class=\"fusion-fullwidth fullwidth-box fusion-builder-row-2 fusion-flex-container nonhundred-percent-fullwidth non-hundred-percent-height-scrolling\" style=\"background-color: #ffffff;background-position: left top;background-repeat: no-repeat;border-width: 0px 0px 0px 0px;border-color:rgba(255,255,255,0);border-style:solid;\" ><div class=\"fusion-builder-row fusion-row fusion-flex-align-items-flex-start\" style=\"max-width:calc( 1170px + 0px );margin-left: calc(-0px \/ 2 );margin-right: calc(-0px \/ 2 );\"><div class=\"fusion-layout-column fusion_builder_column fusion-builder-column-2 fusion_builder_column_3_4 3_4 fusion-flex-column\"><div class=\"fusion-column-wrapper fusion-flex-justify-content-flex-start fusion-content-layout-column\" style=\"background-position:left top;background-repeat:no-repeat;-webkit-background-size:cover;-moz-background-size:cover;-o-background-size:cover;background-size:cover;padding: 0px 0px 0px 0px;\"><div ><span class=\" fusion-imageframe imageframe-none imageframe-1 hover-type-zoomin\"><a href=\"https:\/\/www.carloschuez.com\/home\/wp-content\/uploads\/2020\/11\/fi.jpg\" class=\"fusion-lightbox\" data-rel=\"iLightbox[71f684be7e419db6ad8]\" data-title=\"Carlos Chuez\" title=\"Carlos Chuez\"><img decoding=\"async\" width=\"1200\" height=\"800\" src=\"https:\/\/www.carloschuez.com\/home\/wp-content\/uploads\/2020\/11\/fi.jpg\" class=\"img-responsive wp-image-1186\" srcset=\"https:\/\/www.carloschuez.com\/home\/wp-content\/uploads\/2020\/11\/fi-200x133.jpg 200w, https:\/\/www.carloschuez.com\/home\/wp-content\/uploads\/2020\/11\/fi-400x267.jpg 400w, https:\/\/www.carloschuez.com\/home\/wp-content\/uploads\/2020\/11\/fi-600x400.jpg 600w, https:\/\/www.carloschuez.com\/home\/wp-content\/uploads\/2020\/11\/fi-800x533.jpg 800w, https:\/\/www.carloschuez.com\/home\/wp-content\/uploads\/2020\/11\/fi.jpg 1200w\" sizes=\"(max-width: 800px) 100vw, (max-width: 640px) 100vw, 1200px\" \/><\/a><\/span><\/div><div class=\"fusion-separator fusion-full-width-sep\" style=\"align-self: center;margin-left: auto;margin-right: auto;margin-top:40px;width:100%;\"><\/div><\/div><style type=\"text\/css\">.fusion-body .fusion-builder-column-2{width:75% !important;margin-top : 0px;margin-bottom : 0px;}.fusion-builder-column-2 > .fusion-column-wrapper {padding-top : 0px !important;padding-right : 0px !important;margin-right : 0px;padding-bottom : 0px !important;padding-left : 0px !important;margin-left : 0px;}@media only screen and (max-width:800px) {.fusion-body .fusion-builder-column-2{width:100% !important;}.fusion-builder-column-2 > .fusion-column-wrapper {margin-right : 0px;margin-left : 0px;}}@media only screen and (max-width:640px) {.fusion-body .fusion-builder-column-2{width:100% !important;}.fusion-builder-column-2 > .fusion-column-wrapper {margin-right : 0px;margin-left : 0px;}}<\/style><\/div><div class=\"fusion-layout-column fusion_builder_column fusion-builder-column-3 fusion_builder_column_1_4 1_4 fusion-flex-column\"><div class=\"fusion-column-wrapper fusion-flex-justify-content-flex-start fusion-content-layout-column\" style=\"background-position:left top;background-repeat:no-repeat;-webkit-background-size:cover;-moz-background-size:cover;-o-background-size:cover;background-size:cover;padding: 0px 0px 0px 0px;\"><\/div><style type=\"text\/css\">.fusion-body .fusion-builder-column-3{width:25% !important;margin-top : 0px;margin-bottom : 0px;}.fusion-builder-column-3 > .fusion-column-wrapper {padding-top : 0px !important;padding-right : 0px !important;margin-right : 0px;padding-bottom : 0px !important;padding-left : 0px !important;margin-left : 0px;}@media only screen and (max-width:800px) {.fusion-body .fusion-builder-column-3{width:100% !important;order : 0;}.fusion-builder-column-3 > .fusion-column-wrapper {margin-right : 0px;margin-left : 0px;}}@media only screen and (max-width:640px) {.fusion-body .fusion-builder-column-3{width:100% !important;order : 0;}.fusion-builder-column-3 > .fusion-column-wrapper {margin-right : 0px;margin-left : 0px;}}<\/style><\/div><\/div><style type=\"text\/css\">.fusion-body .fusion-flex-container.fusion-builder-row-2{ padding-top : 40px;margin-top : 0px;padding-right : 0px;padding-bottom : 20px;margin-bottom : 0px;padding-left : 0px;}<\/style><\/div><div class=\"fusion-fullwidth fullwidth-box fusion-builder-row-3 fusion-flex-container nonhundred-percent-fullwidth non-hundred-percent-height-scrolling\" style=\"background-color: #ffffff;background-position: left top;background-repeat: no-repeat;border-width: 0px 0px 0px 0px;border-color:rgba(255,255,255,0);border-style:solid;\" ><div class=\"fusion-builder-row fusion-row fusion-flex-align-items-flex-start fusion-flex-justify-content-center\" style=\"max-width:1216.8px;margin-left: calc(-4% \/ 2 );margin-right: calc(-4% \/ 2 );\"><div class=\"fusion-layout-column fusion_builder_column fusion-builder-column-4 fusion_builder_column_3_4 3_4 fusion-flex-column\"><div class=\"fusion-column-wrapper fusion-flex-justify-content-flex-start fusion-content-layout-column\" style=\"background-position:left top;background-repeat:no-repeat;-webkit-background-size:cover;-moz-background-size:cover;-o-background-size:cover;background-size:cover;padding: 0px 0px 0px 0px;\"><div class=\"fusion-text fusion-text-2\"><p>De este modo la ideolog\u00eda superpuso la apariencia de la<br \/>\nburocracia sobre la realidad de las clases sociales. Por lo que la ideolog\u00eda funcion\u00f3, no s\u00f3lo como<br \/>\ndoctrina dogm\u00e1tica sino como credo pol\u00edtico, exigiendo fe m\u00edstica en vez de razones y criterios<br \/>\ncient\u00edficos o \u00e9ticos. Las ideolog\u00edas extremadamente pol\u00edticas se convierten en dogma, credo y fe.<br \/>\nEn el socialismo burocr\u00e1tico, el marxismo como sistema de explicaci\u00f3n dial\u00e9ctica y cient\u00edfica<br \/>\nbasada en la ciencia devino en un \u00f3rgano escol\u00e1stico y sof\u00edstico que reflejaba los puntos de vistas<br \/>\npol\u00edticos de la c\u00fapula de la dirigencia y la burocracia sovi\u00e9tica. La verdad ten\u00eda su fuente y criterio en<br \/>\nla militancia y en la elite de los partidos comunistas burocratizados.<br \/>\nEn los tiempos del gobierno de Lenin se gestaron algunas de esas tendencias, y \u00e9l oponi\u00e9ndose con<br \/>\nresoluci\u00f3n a esas pol\u00edticas aberrantes, hab\u00eda afirmado que las verdades y realidades de los intereses,<br \/>\nnecesidades y fines del comunismo hab\u00eda que buscarlas en las masas populares (obreros, campesinos,<br \/>\nintelectuales revolucionarios y otros trabajadores).<br \/>\nAdem\u00e1s, consider\u00f3 que el marxismo es la teor\u00eda y m\u00e9todo que dirige los movimientos y<br \/>\nacciones revolucionarias para lograr los objetivos y fines del socialismo. Anteriormente, Marx y Engels<br \/>\nhab\u00edan expresado este punto de vista, al considerar que la teor\u00eda marxista es una \u201cgu\u00eda para la acci\u00f3n\u201d<br \/>\nrevolucionaria de la clase obrera y de las masas trabajadoras. Lenin confirm\u00f3 ese postulado<br \/>\nrevolucionario al expresar que el marxismo es la fuente te\u00f3rica de la ideolog\u00eda revolucionaria del<br \/>\nproletariado y campesinado, en su lucha social y pol\u00edtica contra las reaccionarias fuerzas e ideas<br \/>\ndel capitalismo y de los latifundistas.<br \/>\nPero despu\u00e9s de su muerte, el leninismo fue desplazado por Stalin (en su per\u00edodo pragm\u00e1tico y<br \/>\npersonalista). Pero posteriormente, este dirigente socialista restaur\u00f3 el leninismo durante la<br \/>\nimplementaci\u00f3n del Tercer Plan Quinquenal (consolidaci\u00f3n de la socializaci\u00f3n de la industria y<br \/>\ncolectivizaci\u00f3n de la agricultura en la econom\u00eda de la Uni\u00f3n Sovi\u00e9tica) y la Gran Guerra Patria<br \/>\nhasta Jruschov. Fue en el r\u00e9gimen de este gobernante que se restaur\u00f3 la burocracia (sin el Culto a la<br \/>\nPersonalidad) en el socialismo y que, posteriormente, propici\u00f3 la ca\u00edda del poderoso Estado del<br \/>\nproletariado.<br \/>\nLa ideolog\u00eda del burocratismo socialista proclamaba la supremac\u00eda y la pr\u00e1ctica militante del<br \/>\nPartido y de la burocracia sobre la pr\u00e1ctica socio-hist\u00f3rica de las masas populares (obreros,<br \/>\ncampesinos intelectuales revolucionarios y otros trabajadores) y de la sociedad.<\/p>\n<p>DESCARGAR TEXTO COMPLETO EN VERSI\u00d3N PDF: <a href=\"https:\/\/www.carloschuez.com\/home\/wp-content\/uploads\/2020\/09\/marxismo-y-neoliberalismo.pdf\">Marxismo y Neoliberalismo<\/a><\/p>\n<\/div><\/div><style type=\"text\/css\">.fusion-body .fusion-builder-column-4{width:75% !important;margin-top : 0px;margin-bottom : 0px;}.fusion-builder-column-4 > .fusion-column-wrapper {padding-top : 0px !important;padding-right : 0px !important;margin-right : 2.56%;padding-bottom : 0px !important;padding-left : 0px !important;margin-left : 2.56%;}@media only screen and (max-width:800px) {.fusion-body .fusion-builder-column-4{width:100% !important;}.fusion-builder-column-4 > .fusion-column-wrapper {margin-right : 1.92%;margin-left : 1.92%;}}@media only screen and (max-width:640px) {.fusion-body .fusion-builder-column-4{width:100% !important;}.fusion-builder-column-4 > .fusion-column-wrapper {margin-right : 1.92%;margin-left : 1.92%;}}<\/style><\/div><div class=\"fusion-layout-column fusion_builder_column fusion-builder-column-5 fusion_builder_column_1_4 1_4 fusion-flex-column\"><div class=\"fusion-column-wrapper fusion-flex-justify-content-flex-start fusion-content-layout-column\" style=\"background-position:left top;background-repeat:no-repeat;-webkit-background-size:cover;-moz-background-size:cover;-o-background-size:cover;background-size:cover;padding: 0px 0px 0px 0px;\"><\/div><style type=\"text\/css\">.fusion-body .fusion-builder-column-5{width:25% !important;margin-top : 0px;margin-bottom : 0px;}.fusion-builder-column-5 > .fusion-column-wrapper {padding-top : 0px !important;padding-right : 0px !important;margin-right : 7.68%;padding-bottom : 0px !important;padding-left : 0px !important;margin-left : 7.68%;}@media only screen and (max-width:800px) {.fusion-body .fusion-builder-column-5{width:100% !important;order : 0;}.fusion-builder-column-5 > .fusion-column-wrapper {margin-right : 1.92%;margin-left : 1.92%;}}@media only screen and (max-width:640px) {.fusion-body .fusion-builder-column-5{width:100% !important;order : 0;}.fusion-builder-column-5 > .fusion-column-wrapper {margin-right : 1.92%;margin-left : 1.92%;}}<\/style><\/div><div class=\"fusion-layout-column fusion_builder_column fusion-builder-column-6 fusion_builder_column_1_1 1_1 fusion-flex-column\"><div class=\"fusion-column-wrapper fusion-flex-justify-content-flex-start fusion-content-layout-column\" style=\"background-position:left top;background-blend-mode: overlay;background-repeat:no-repeat;-webkit-background-size:cover;-moz-background-size:cover;-o-background-size:cover;background-size:cover;padding: 0px 0px 0px 0px;\"><div class=\"fusion-separator fusion-full-width-sep\" style=\"align-self: center;margin-left: auto;margin-right: auto;margin-top:50px;width:100%;\"><\/div><\/div><style type=\"text\/css\">.fusion-body .fusion-builder-column-6{width:100% !important;margin-top : 0px;margin-bottom : 0px;}.fusion-builder-column-6 > .fusion-column-wrapper {padding-top : 0px !important;padding-right : 0px !important;margin-right : 1.92%;padding-bottom : 0px !important;padding-left : 0px !important;margin-left : 1.92%;}@media only screen and (max-width:800px) {.fusion-body .fusion-builder-column-6{width:100% !important;}.fusion-builder-column-6 > .fusion-column-wrapper {margin-right : 1.92%;margin-left : 1.92%;}}@media only screen and (max-width:640px) {.fusion-body .fusion-builder-column-6{width:100% !important;}.fusion-builder-column-6 > .fusion-column-wrapper {margin-right : 1.92%;margin-left : 1.92%;}}<\/style><\/div><\/div><style type=\"text\/css\">.fusion-body .fusion-flex-container.fusion-builder-row-3{ padding-top : 0px;margin-top : 0px;padding-right : 0px;padding-bottom : 0px;margin-bottom : 0px;padding-left : 0px;}<\/style><\/div><\/p>\n","protected":false},"excerpt":{"rendered":"","protected":false},"author":1,"featured_media":1186,"comment_status":"closed","ping_status":"closed","sticky":false,"template":"","format":"standard","meta":{"footnotes":""},"categories":[20],"tags":[],"class_list":["post-1185","post","type-post","status-publish","format-standard","has-post-thumbnail","hentry","category-filosofia"],"_links":{"self":[{"href":"https:\/\/www.carloschuez.com\/home\/wp-json\/wp\/v2\/posts\/1185","targetHints":{"allow":["GET"]}}],"collection":[{"href":"https:\/\/www.carloschuez.com\/home\/wp-json\/wp\/v2\/posts"}],"about":[{"href":"https:\/\/www.carloschuez.com\/home\/wp-json\/wp\/v2\/types\/post"}],"author":[{"embeddable":true,"href":"https:\/\/www.carloschuez.com\/home\/wp-json\/wp\/v2\/users\/1"}],"replies":[{"embeddable":true,"href":"https:\/\/www.carloschuez.com\/home\/wp-json\/wp\/v2\/comments?post=1185"}],"version-history":[{"count":11,"href":"https:\/\/www.carloschuez.com\/home\/wp-json\/wp\/v2\/posts\/1185\/revisions"}],"predecessor-version":[{"id":1250,"href":"https:\/\/www.carloschuez.com\/home\/wp-json\/wp\/v2\/posts\/1185\/revisions\/1250"}],"wp:featuredmedia":[{"embeddable":true,"href":"https:\/\/www.carloschuez.com\/home\/wp-json\/wp\/v2\/media\/1186"}],"wp:attachment":[{"href":"https:\/\/www.carloschuez.com\/home\/wp-json\/wp\/v2\/media?parent=1185"}],"wp:term":[{"taxonomy":"category","embeddable":true,"href":"https:\/\/www.carloschuez.com\/home\/wp-json\/wp\/v2\/categories?post=1185"},{"taxonomy":"post_tag","embeddable":true,"href":"https:\/\/www.carloschuez.com\/home\/wp-json\/wp\/v2\/tags?post=1185"}],"curies":[{"name":"wp","href":"https:\/\/api.w.org\/{rel}","templated":true}]}}