{"id":1570,"date":"2022-06-16T16:00:31","date_gmt":"2022-06-16T16:00:31","guid":{"rendered":"https:\/\/www.carloschuez.com\/home\/?p=1570"},"modified":"2022-06-16T16:24:42","modified_gmt":"2022-06-16T16:24:42","slug":"video-de-presentacion-virtual-del-libro-lucha-por-la-soberania-y-la-democracia-en-panama-1956-1959","status":"publish","type":"post","link":"https:\/\/www.carloschuez.com\/home\/video-de-presentacion-virtual-del-libro-lucha-por-la-soberania-y-la-democracia-en-panama-1956-1959\/","title":{"rendered":"Video de presentaci\u00f3n virtual del libro Lucha por la soberan\u00eda y la democracia en Panam\u00e1 1956-1959"},"content":{"rendered":"<p style=\"text-align: center;\"><strong>Video de Presentaci\u00f3n<\/strong><\/p>\n<p style=\"text-align: center;\"><iframe title=\"YouTube video player\" src=\"https:\/\/www.youtube.com\/embed\/S_8PvZraVz4\" width=\"560\" height=\"315\" frameborder=\"0\" allowfullscreen=\"allowfullscreen\"><\/iframe><\/p>\n<p>&nbsp;<\/p>\n<p><span class=\"style-scope yt-formatted-string\" dir=\"auto\">El pasado 13 de julio de 2021 se realiz\u00f3 con \u00e9xito la presentaci\u00f3n virtual del libro Lucha por la Soberan\u00eda y la Democracia en Panam\u00e1 1956 &#8211; 1959. Memoria e Historia, del fil\u00f3sofo, escritor y profesor retirado de la Universidad de Panam\u00e1, Carlos Chuez. <\/span><\/p>\n<p><span class=\"style-scope yt-formatted-string\" dir=\"auto\">El evento virtual fue organizado y dirigido en representaci\u00f3n del Departamento de Filosof\u00eda de la Universidad de Panam\u00e1, por el profesor Abdiel Rodr\u00edguez y el Profesor Pedro Pineda. <\/span><\/p>\n<p><span class=\"style-scope yt-formatted-string\" dir=\"auto\">El autor Carlos Chuez tuvo el gran honor y placer de que su obra fuese presentada por los destacados profesores de Historia de la Universidad de Panam\u00e1, Fernando Aparicio y Edgar Herm\u00e1n y la reconocida escritora, profesora de filosof\u00eda de la Universidad de Panam\u00e1 y ganadora del Concurso Nacional de Literatura Ricardo Mir\u00f3, Ela Urriola.<\/span><\/p>\n<p><span class=\"style-scope yt-formatted-string\" dir=\"auto\"><strong> SOBRE EL LIBRO<\/strong> <\/span><\/p>\n<p><span class=\"style-scope yt-formatted-string\" dir=\"auto\">Un libro que rescata la historia de los movimientos nacionalistas ocurridos entre 1956-1959, eventos poco abordados por la historia nacional. Chuez, como protagonista de primera mano y dirigente estudiantil, comparte sus memorias, pero tambi\u00e9n su pensamiento frente a temas como la separaci\u00f3n de Panam\u00e1 de Colombia, el r\u00e9gimen de represi\u00f3n de la Guardia Nacional de la \u00e9poca y las luchas por la soberan\u00eda y democracia realizadas hasta el evento del 9 de enero de 1964, relacionando tambi\u00e9n hechos hist\u00f3ricos mundiales impactantes del siglo XIX y XX que conectan e influyen de forma cautivante y emocionante con nuestra historia\ud83d\udcda\ud83d\udcda. <\/span><\/p>\n<p><span class=\"style-scope yt-formatted-string\" dir=\"auto\">El libro est\u00e1 prologado por el tambi\u00e9n fil\u00f3sofo y profesor de la Universidad de Panam\u00e1 Roberto Arosemena Ja\u00e9n (Q.E.P.D. 1940-2020). <\/span><\/p>\n<p>&nbsp;<\/p>\n<p><strong><span class=\"style-scope yt-formatted-string\" dir=\"auto\">COSTO DEL LIBRO<\/span><\/strong><\/p>\n<p><span class=\"style-scope yt-formatted-string\" dir=\"auto\">El libro tiene un costo de USD $23.00 <\/span><\/p>\n<p><strong><span class=\"style-scope yt-formatted-string\" dir=\"auto\">QUE INCLUYE <\/span><\/strong><\/p>\n<p><span class=\"style-scope yt-formatted-string\" dir=\"auto\">Adem\u00e1s, de su gran contenido de valor y calidad de impresi\u00f3n, incluimos tambi\u00e9n un pr\u00e1ctico separador de p\u00e1ginas para facilitar tu lectura. Tambi\u00e9n al final del libro encontrar\u00e1s unas credenciales de acceso (C\u00f3digo QR y Contrase\u00f1a) para entrar a contenido web exclusivo con entrevista al autor, informaci\u00f3n e im\u00e1genes que respaldan y sustentan el valioso contenido de esta obra. <\/span><\/p>\n<p><strong><span class=\"style-scope yt-formatted-string\" dir=\"auto\">\u00bfC\u00d3MO ADQUIRIRLO? <\/span><\/strong><\/p>\n<p><span class=\"style-scope yt-formatted-string\" dir=\"auto\">Lo puedes solicitar a trav\u00e9s del formulario de contacto de la web oficial del autor Carlos Chuez o enviando un correo a PEDIDOS@CARLOSCHUEZ.COM <\/span><\/p>\n<p><span class=\"style-scope yt-formatted-string\" dir=\"auto\">La obra tambi\u00e9n la podr\u00e1s comprar en la editorial virtual @BABILONIA_EDITORES en instagram. <\/span><\/p>\n<p><span class=\"style-scope yt-formatted-string\" dir=\"auto\">M\u00e1s informaci\u00f3n del libro y su autor en: \ud83c\udf10WWW.CARLOSCHUEZ.COM <\/span><\/p>\n<p><a class=\"yt-simple-endpoint style-scope yt-formatted-string\" dir=\"auto\" spellcheck=\"false\" href=\"https:\/\/www.youtube.com\/hashtag\/panam%C3%A1\">#Panam\u00e1<\/a> <a class=\"yt-simple-endpoint style-scope yt-formatted-string\" dir=\"auto\" spellcheck=\"false\" href=\"https:\/\/www.youtube.com\/hashtag\/luchaporlasoberan%C3%ADaenpanam%C3%A1\">#Luchaporlasoberan\u00edaenPanam\u00e1<\/a> <a class=\"yt-simple-endpoint style-scope yt-formatted-string\" dir=\"auto\" spellcheck=\"false\" href=\"https:\/\/www.youtube.com\/hashtag\/carloschuez\">#CarlosChuez<\/a> <a class=\"yt-simple-endpoint style-scope yt-formatted-string\" dir=\"auto\" spellcheck=\"false\" href=\"https:\/\/www.youtube.com\/hashtag\/historiadepanam%C3%A1\">#historiadePanam\u00e1<\/a> <a class=\"yt-simple-endpoint style-scope yt-formatted-string\" dir=\"auto\" spellcheck=\"false\" href=\"https:\/\/www.youtube.com\/hashtag\/literaturapaname%C3%B1a\">#literaturapaname\u00f1a<\/a> <a class=\"yt-simple-endpoint style-scope yt-formatted-string\" dir=\"auto\" spellcheck=\"false\" href=\"https:\/\/www.youtube.com\/hashtag\/escritorespaname%C3%B1os\">#escritorespaname\u00f1os<\/a> <a class=\"yt-simple-endpoint style-scope yt-formatted-string\" dir=\"auto\" spellcheck=\"false\" href=\"https:\/\/www.youtube.com\/hashtag\/libros\">#libros<\/a> <a class=\"yt-simple-endpoint style-scope yt-formatted-string\" dir=\"auto\" spellcheck=\"false\" href=\"https:\/\/www.youtube.com\/hashtag\/historia\">#historia<\/a> <a class=\"yt-simple-endpoint style-scope yt-formatted-string\" dir=\"auto\" spellcheck=\"false\" href=\"https:\/\/www.youtube.com\/hashtag\/escritorespanam%C3%A1\">#escritoresPanam\u00e1<\/a> <a class=\"yt-simple-endpoint style-scope yt-formatted-string\" dir=\"auto\" spellcheck=\"false\" href=\"https:\/\/www.youtube.com\/hashtag\/librosym%C3%A1slibros\">#librosym\u00e1slibros<\/a><\/p>\n<p><span class=\"style-scope yt-formatted-string\" dir=\"auto\">@universidad_pma <\/span><\/p>\n<p><span class=\"style-scope yt-formatted-string\" dir=\"auto\">@udelasoficial <\/span><\/p>\n<p><span class=\"style-scope yt-formatted-string\" dir=\"auto\">@unescapanama <\/span><\/p>\n<p><span class=\"style-scope yt-formatted-string\" dir=\"auto\">@babilonia_editores<\/span><\/p>\n","protected":false},"excerpt":{"rendered":"<p>Video de Presentaci\u00f3n &nbsp; El pasado 13 de julio de 2021 se realiz\u00f3 con \u00e9xito la presentaci\u00f3n virtual del libro Lucha por la Soberan\u00eda y la Democracia en Panam\u00e1 1956 &#8211; 1959. Memoria e Historia, del fil\u00f3sofo, escritor y profesor retirado de la Universidad de Panam\u00e1, Carlos Chuez. El evento virtual fue organizado y dirigido [&hellip;]<\/p>\n","protected":false},"author":1,"featured_media":1506,"comment_status":"closed","ping_status":"closed","sticky":false,"template":"","format":"video","meta":{"footnotes":""},"categories":[39],"tags":[45,43,44,42],"class_list":["post-1570","post","type-post","status-publish","format-video","has-post-thumbnail","hentry","category-historia","tag-1956-1959","tag-libro-carlos-chuez","tag-lucha-por-la-soberania-y-la-democracia-en-panama","tag-video-oficial-lanzamiento","post_format-post-format-video"],"_links":{"self":[{"href":"https:\/\/www.carloschuez.com\/home\/wp-json\/wp\/v2\/posts\/1570","targetHints":{"allow":["GET"]}}],"collection":[{"href":"https:\/\/www.carloschuez.com\/home\/wp-json\/wp\/v2\/posts"}],"about":[{"href":"https:\/\/www.carloschuez.com\/home\/wp-json\/wp\/v2\/types\/post"}],"author":[{"embeddable":true,"href":"https:\/\/www.carloschuez.com\/home\/wp-json\/wp\/v2\/users\/1"}],"replies":[{"embeddable":true,"href":"https:\/\/www.carloschuez.com\/home\/wp-json\/wp\/v2\/comments?post=1570"}],"version-history":[{"count":5,"href":"https:\/\/www.carloschuez.com\/home\/wp-json\/wp\/v2\/posts\/1570\/revisions"}],"predecessor-version":[{"id":1575,"href":"https:\/\/www.carloschuez.com\/home\/wp-json\/wp\/v2\/posts\/1570\/revisions\/1575"}],"wp:featuredmedia":[{"embeddable":true,"href":"https:\/\/www.carloschuez.com\/home\/wp-json\/wp\/v2\/media\/1506"}],"wp:attachment":[{"href":"https:\/\/www.carloschuez.com\/home\/wp-json\/wp\/v2\/media?parent=1570"}],"wp:term":[{"taxonomy":"category","embeddable":true,"href":"https:\/\/www.carloschuez.com\/home\/wp-json\/wp\/v2\/categories?post=1570"},{"taxonomy":"post_tag","embeddable":true,"href":"https:\/\/www.carloschuez.com\/home\/wp-json\/wp\/v2\/tags?post=1570"}],"curies":[{"name":"wp","href":"https:\/\/api.w.org\/{rel}","templated":true}]}}